{"id":4821,"date":"2017-03-18T21:49:24","date_gmt":"2017-03-18T20:49:24","guid":{"rendered":"http:\/\/trencin.fara.sk\/?p=4821"},"modified":"2017-03-27T14:06:53","modified_gmt":"2017-03-27T12:06:53","slug":"oznamy-na-3-postnu-nedelu-19-3-2017","status":"publish","type":"post","link":"http:\/\/trencin.fara.sk\/?p=4821","title":{"rendered":"Oznamy na 3. p\u00f4stnu nede\u013eu (19.3.2017)"},"content":{"rendered":"<p style=\"text-align: justify;\">Sl\u00e1vime tretiu p\u00f4stnu nede\u013eu.<\/p>\n<p style=\"text-align: justify;\"><strong><em>V&nbsp;piatok a&nbsp;sobotu bude v&nbsp;diec\u00e9znej sv\u00e4tyni na Skalke nepretr\u017eit\u00e1 eucharistick\u00e1 ador\u00e1cia, ktor\u00e1 za\u010dne v&nbsp;piatok o&nbsp;16.00 sv. om\u0161ou a&nbsp;skon\u010d\u00ed v&nbsp;sobotu 25. marca o&nbsp;16.00. Po\u010das ador\u00e1cie bude st\u00e1le pr\u00edle\u017eitos\u0165 ku sviatosti zmierenia.<\/em><\/strong><\/p>\n<p style=\"text-align: justify;\"><strong><em>V&nbsp;d\u0148och 22.3. a&nbsp;23.3.2017 od 9.00 -14.00 bud\u00fa&nbsp; v&nbsp;Z\u0160 sv. Andreja-Svorada a&nbsp;Benedikta \u201eDni otvoren\u00fdch dver\u00ed\u201c. <\/em><\/strong>Deti so svojimi rodi\u010dmi si m\u00f4\u017eu pozrie\u0165 priestory a&nbsp;z\u00edska\u0165 inform\u00e1cie o&nbsp;\u0161kole.<\/p>\n<p style=\"text-align: justify;\"><strong><em>Z\u00e1pis det\u00ed do 1. ro\u010dn\u00edka&nbsp; sa v&nbsp;cirkevnej Z\u0160 bude kona\u0165 v&nbsp;t\u00fd\u017edni od 3. do 7. apr\u00edla v&nbsp;\u010dase od 14.00 do 17.00.<\/em><\/strong> K&nbsp;z\u00e1pisu je potrebn\u00fd rodn\u00fd list die\u0165a\u0165a. Podrobnosti si m\u00f4\u017eete pozrie\u0165 na v\u00fdvesk\u00e1ch&#8230;<\/p>\n<p style=\"text-align: justify;\"><strong><em>Chor\u00fdch a&nbsp;nevl\u00e1dnych v&nbsp;na\u0161ej farnosti budeme pred Ve\u013ekou Nocou spoveda\u0165 v&nbsp;sobotu 1. apr\u00edla 2017 dopoludnia<\/em><\/strong>. Nahl\u00e1si\u0165 ich m\u00f4\u017eete v&nbsp;sakristii, na fare alebo telefonicky.<\/p>\n<p style=\"text-align: justify;\">V&nbsp;piatok o&nbsp;19.00 bude v&nbsp;kostole Notre Dame ml\u00e1de\u017en\u00edcka sv. om\u0161a. Srde\u010dne mlad\u00fdch poz\u00fdvame&#8230;<\/p>\n<p style=\"text-align: justify;\"><strong><em>V&nbsp;sobotu 25. marca za\u010d\u00edna druh\u00fd ro\u010dn\u00edk projektu \u201e9 mesiacov za \u017eivot\u201c&#8230;<\/em><\/strong> V&nbsp;sobotu o&nbsp;10.00 sa uskuto\u010dn\u00ed modlitbov\u00fd pochod ku nemocnici,&nbsp; vych\u00e1dza sa od da\u0148ov\u00e9ho \u00faradu<strong><em>. V&nbsp;nede\u013eu po sv. om\u0161iach sa bud\u00fa rozd\u00e1va\u0165 biele stu\u017eky ako prejav \u00facty k&nbsp;\u017eivotu. <\/em><\/strong><\/p>\n<p style=\"text-align: justify;\">Na bud\u00facu nede\u013eu popoludn\u00ed o&nbsp;15.30 bud\u00fa v&nbsp;cirkevnej \u0161kole r\u00f4zne hry a aktivity pre deti. Tak\u00e9to stretnutia bud\u00fa b\u00fdva\u0165 raz za dva t\u00fd\u017edne. Mlad\u00ed anim\u00e1tori si pripravili pre deti r\u00f4zne s\u00fa\u0165a\u017ee, tvoriv\u00e9 dielne &#8230; Poz\u00fdvame v\u0161etky deti&#8230;<\/p>\n<p style=\"text-align: justify;\"><strong><em>Na bud\u00faci t\u00fd\u017ede\u0148 sa men\u00ed stredoeur\u00f3psky \u010das na letn\u00fd, zo soboty na nede\u013eu si hodiny posunieme o&nbsp;jednu hodinu dopredu&#8230;<\/em><\/strong><\/p>\n<p style=\"text-align: justify;\"><strong><em>Dnes je pravideln\u00e1 zbierka na opravy na\u0161ich kostolov. Za va\u0161e milodary vyslovujeme vopred \u00faprimn\u00e9 P\u00e1n Boh zapla\u0165. Sv. om\u0161a o&nbsp;9.00 vo farskom kostole je dnes obetovan\u00e1 za v\u0161etk\u00fdch dobrodincov. <\/em><\/strong><\/p>\n<p style=\"text-align: justify;\"><em><u>Liturgick\u00fd kalend\u00e1r:<br \/>\n<\/u><\/em>po: sl\u00e1vnos\u0165 sv. Jozefa, \u017een\u00edcha Panny M\u00e1rie \/prelo\u017een\u00e1 z&nbsp;nedele\/<br \/>\nso:&nbsp; sl\u00e1vnos\u0165 Zvestovania P\u00e1na<\/p>\n","protected":false},"excerpt":{"rendered":"<p>Sl\u00e1vime tretiu p\u00f4stnu nede\u013eu. V&nbsp;piatok a&nbsp;sobotu bude v&nbsp;diec\u00e9znej sv\u00e4tyni na Skalke nepretr\u017eit\u00e1 eucharistick\u00e1 ador\u00e1cia, ktor\u00e1 za\u010dne v&nbsp;piatok o&nbsp;16.00 sv. om\u0161ou a&nbsp;skon\u010d\u00ed v&nbsp;sobotu 25. marca o&nbsp;16.00. Po\u010das ador\u00e1cie bude st\u00e1le pr\u00edle\u017eitos\u0165 ku sviatosti zmierenia. V&nbsp;d\u0148och 22.3. a&nbsp;23.3.2017 od 9.00 -14.00 bud\u00fa&nbsp;&#8230;<\/p>\n","protected":false},"author":1,"featured_media":0,"comment_status":"closed","ping_status":"closed","sticky":false,"template":"","format":"standard","meta":{"ngg_post_thumbnail":0,"footnotes":""},"categories":[5],"tags":[18],"class_list":["post-4821","post","type-post","status-publish","format-standard","hentry","category-oznamy","tag-oznamy-2"],"_links":{"self":[{"href":"http:\/\/trencin.fara.sk\/index.php?rest_route=\/wp\/v2\/posts\/4821"}],"collection":[{"href":"http:\/\/trencin.fara.sk\/index.php?rest_route=\/wp\/v2\/posts"}],"about":[{"href":"http:\/\/trencin.fara.sk\/index.php?rest_route=\/wp\/v2\/types\/post"}],"author":[{"embeddable":true,"href":"http:\/\/trencin.fara.sk\/index.php?rest_route=\/wp\/v2\/users\/1"}],"replies":[{"embeddable":true,"href":"http:\/\/trencin.fara.sk\/index.php?rest_route=%2Fwp%2Fv2%2Fcomments&post=4821"}],"version-history":[{"count":1,"href":"http:\/\/trencin.fara.sk\/index.php?rest_route=\/wp\/v2\/posts\/4821\/revisions"}],"predecessor-version":[{"id":4822,"href":"http:\/\/trencin.fara.sk\/index.php?rest_route=\/wp\/v2\/posts\/4821\/revisions\/4822"}],"wp:attachment":[{"href":"http:\/\/trencin.fara.sk\/index.php?rest_route=%2Fwp%2Fv2%2Fmedia&parent=4821"}],"wp:term":[{"taxonomy":"category","embeddable":true,"href":"http:\/\/trencin.fara.sk\/index.php?rest_route=%2Fwp%2Fv2%2Fcategories&post=4821"},{"taxonomy":"post_tag","embeddable":true,"href":"http:\/\/trencin.fara.sk\/index.php?rest_route=%2Fwp%2Fv2%2Ftags&post=4821"}],"curies":[{"name":"wp","href":"https:\/\/api.w.org\/{rel}","templated":true}]}}