{"id":4824,"date":"2017-03-27T14:06:32","date_gmt":"2017-03-27T12:06:32","guid":{"rendered":"http:\/\/trencin.fara.sk\/?p=4824"},"modified":"2017-04-03T11:14:11","modified_gmt":"2017-04-03T09:14:11","slug":"oznamy-na-4-postnu-nedelu-26-3-2017","status":"publish","type":"post","link":"http:\/\/trencin.fara.sk\/?p=4824","title":{"rendered":"Oznamy na 4. p\u00f4stnu nede\u013eu (26.3.2017)"},"content":{"rendered":"<p style=\"text-align: justify;\">Sl\u00e1vime \u0161tvrt\u00fa p\u00f4stnu nede\u013eu.<\/p>\n<p style=\"text-align: justify;\"><strong><em>Chor\u00fdch a&nbsp;nevl\u00e1dnych v&nbsp;na\u0161ej farnosti budeme pred Ve\u013ekou Nocou spoveda\u0165 v&nbsp;t\u00fato sobotu dopoludnia<\/em><\/strong>. Nahl\u00e1si\u0165 ich m\u00f4\u017eete v&nbsp;sakristii, na fare alebo telefonicky.<\/p>\n<p style=\"text-align: justify;\"><strong><em>Z\u00e1pis det\u00ed do 1. ro\u010dn\u00edka&nbsp; sa v&nbsp;cirkevnej Z\u0160 bude kona\u0165 v&nbsp;t\u00fd\u017edni od 3. do 7. apr\u00edla v&nbsp;\u010dase od 14.00 do 17.00.<\/em><\/strong> K&nbsp;z\u00e1pisu je potrebn\u00fd rodn\u00fd list die\u0165a\u0165a. Podrobnosti si m\u00f4\u017eete pozrie\u0165 na v\u00fdvesk\u00e1ch&#8230;<\/p>\n<p style=\"text-align: justify;\">Kto by chcel venova\u0165 2 % z&nbsp;dan\u00ed na cirkevn\u00fa \u0161k\u00f4lku, m\u00f4\u017ee si tla\u010divo vyzdvihn\u00fa\u0165 na stol\u00edku pri Katol\u00edckych novin\u00e1ch&#8230;<\/p>\n<p style=\"text-align: justify;\">V&nbsp;Katol\u00edckych novin\u00e1ch d\u00e1vame do pozornosti rozhovor so \u0161print\u00e9rom J\u00e1nom Volkom, ktor\u00fd z\u00edskal striebro na eur\u00f3pskom halovom \u0161ampion\u00e1te v&nbsp;Belehrade, \u010falej \u201eAnjelov pozdrav n\u00e1s u\u010d\u00ed l\u00e1ske\u201c, \u010di&nbsp; \u201eMl\u010danie v&nbsp;liturgii a&nbsp;neg\u00fd\u010dov\u00e9 modlitby\u201c&#8230;<\/p>\n","protected":false},"excerpt":{"rendered":"<p>Sl\u00e1vime \u0161tvrt\u00fa p\u00f4stnu nede\u013eu. Chor\u00fdch a&nbsp;nevl\u00e1dnych v&nbsp;na\u0161ej farnosti budeme pred Ve\u013ekou Nocou spoveda\u0165 v&nbsp;t\u00fato sobotu dopoludnia. Nahl\u00e1si\u0165 ich m\u00f4\u017eete v&nbsp;sakristii, na fare alebo telefonicky. Z\u00e1pis det\u00ed do 1. ro\u010dn\u00edka&nbsp; sa v&nbsp;cirkevnej Z\u0160 bude kona\u0165 v&nbsp;t\u00fd\u017edni od 3. do 7. apr\u00edla&#8230;<\/p>\n","protected":false},"author":1,"featured_media":0,"comment_status":"closed","ping_status":"closed","sticky":false,"template":"","format":"standard","meta":{"ngg_post_thumbnail":0,"footnotes":""},"categories":[5],"tags":[18],"class_list":["post-4824","post","type-post","status-publish","format-standard","hentry","category-oznamy","tag-oznamy-2"],"_links":{"self":[{"href":"http:\/\/trencin.fara.sk\/index.php?rest_route=\/wp\/v2\/posts\/4824"}],"collection":[{"href":"http:\/\/trencin.fara.sk\/index.php?rest_route=\/wp\/v2\/posts"}],"about":[{"href":"http:\/\/trencin.fara.sk\/index.php?rest_route=\/wp\/v2\/types\/post"}],"author":[{"embeddable":true,"href":"http:\/\/trencin.fara.sk\/index.php?rest_route=\/wp\/v2\/users\/1"}],"replies":[{"embeddable":true,"href":"http:\/\/trencin.fara.sk\/index.php?rest_route=%2Fwp%2Fv2%2Fcomments&post=4824"}],"version-history":[{"count":1,"href":"http:\/\/trencin.fara.sk\/index.php?rest_route=\/wp\/v2\/posts\/4824\/revisions"}],"predecessor-version":[{"id":4825,"href":"http:\/\/trencin.fara.sk\/index.php?rest_route=\/wp\/v2\/posts\/4824\/revisions\/4825"}],"wp:attachment":[{"href":"http:\/\/trencin.fara.sk\/index.php?rest_route=%2Fwp%2Fv2%2Fmedia&parent=4824"}],"wp:term":[{"taxonomy":"category","embeddable":true,"href":"http:\/\/trencin.fara.sk\/index.php?rest_route=%2Fwp%2Fv2%2Fcategories&post=4824"},{"taxonomy":"post_tag","embeddable":true,"href":"http:\/\/trencin.fara.sk\/index.php?rest_route=%2Fwp%2Fv2%2Ftags&post=4824"}],"curies":[{"name":"wp","href":"https:\/\/api.w.org\/{rel}","templated":true}]}}