{"id":4826,"date":"2017-04-03T11:13:41","date_gmt":"2017-04-03T09:13:41","guid":{"rendered":"http:\/\/trencin.fara.sk\/?p=4826"},"modified":"2017-04-08T21:38:51","modified_gmt":"2017-04-08T19:38:51","slug":"oznamy-na-5-postnu-nedelu-2-4-2017","status":"publish","type":"post","link":"http:\/\/trencin.fara.sk\/?p=4826","title":{"rendered":"Oznamy na 5. p\u00f4stnu nede\u013eu (2.4.2017)"},"content":{"rendered":"<p style=\"text-align: justify;\">Sl\u00e1vime piatu p\u00f4stnu nede\u013eu. Od dne\u0161nej nedele do Ve\u013ek\u00e9ho piatku m\u00e1me zahalen\u00e9&nbsp; kr\u00ed\u017ee. Dnes je prv\u00e1 nede\u013ea v&nbsp;mesiaci, v&nbsp;kaplnke sv. Anny bude celodenn\u00e1 poklona pred vystavenou Sviatos\u0165ou Olt\u00e1rnou. Za\u010dne po sv. om\u0161i a&nbsp;z\u00e1vere\u010dn\u00e9 po\u017eehnanie bude o&nbsp;17.30. <strong><em>Z&nbsp;tohto d\u00f4vodu dnes Kr\u00ed\u017eov\u00e1 cesta v&nbsp;kaplnke sv. Anny nebude.<\/em><\/strong><\/p>\n<p style=\"text-align: justify;\">V&nbsp;tomto t\u00fd\u017edni m\u00e1me prv\u00fd piatok v&nbsp;mesiaci, spoved\u00e1me pribli\u017ene hodinu pred sv. om\u0161ami. V&nbsp;piatok po sv. om\u0161i vo farskom kostole bude prvopiatkov\u00e1 pobo\u017enos\u0165 pred vystavenou Sviatos\u0165ou Olt\u00e1rnou a&nbsp;po\u017eehnanie.<\/p>\n<p style=\"text-align: justify;\">Dnes popoludn\u00ed <strong><em>spoved\u00e1me pred Ve\u013ekou Nocou <\/em><\/strong>v&nbsp;Soblahove, na Skalke a&nbsp;v&nbsp;Selci. V&nbsp;piatok budeme spoveda\u0165 v&nbsp;Tren\u010d. Biskupiciach, v&nbsp;sobotu dopoludnia v&nbsp;Tren\u010d. Turnej a&nbsp;Ve\u013ek\u00fdch Bierovciach, popoludn\u00ed v&nbsp;Orechovom a&nbsp;v&nbsp;Opatovej.<\/p>\n<p style=\"text-align: justify;\"><strong><em>V&nbsp;kaplnke sv. Anny bude v&nbsp;sobotu sv. om\u0161a u\u017e<\/em><\/strong> <strong><em>o&nbsp;8.00.<\/em><\/strong><\/p>\n<p style=\"text-align: justify;\">P\u00fatnick\u00e9 miesto Skalka poz\u00fdva v&nbsp;sobotu 8. apr\u00edla o&nbsp;14.00 na divadeln\u00e9 predstavenie \u201ePosledn\u00e9 dni Je\u017ei\u0161a Krista\u201c. Predstavenie sa uskuto\u010dn\u00ed v&nbsp;are\u00e1li kl\u00e1\u0161tora na Ve\u013ekej Skalke, v&nbsp;pr\u00edpade nepriazniv\u00e9ho po\u010dasia vo farskom kostole v&nbsp;Skalke nad V\u00e1hom.<\/p>\n<p style=\"text-align: justify;\"><strong><em>Bud\u00faca nede\u013ea je Kvetn\u00e1<\/em><\/strong>. Pri sv\u00e4t\u00fdch om\u0161iach budeme posviaca\u0165 ratolesti. Je to aj svetov\u00fd de\u0148 ml\u00e1de\u017ee. Sv\u00e4t\u00e1 om\u0161a o&nbsp;11.00 vo farskom kostole bude ako obvykle zameran\u00e1 pre deti a&nbsp;ml\u00e1de\u017e&#8230;<\/p>\n<p style=\"text-align: justify;\"><strong><em>Na bud\u00facu nede\u013eu od 15.00 do 17.30 za\u010dneme spoveda\u0165 pred ve\u013ekono\u010dn\u00fdmi sviatkami v&nbsp;na\u0161ej farnosti. Spoveda\u0165 v&nbsp;na\u0161ej farnosti budeme e\u0161te v&nbsp;pondelok a&nbsp;utorok po Kvetnej nedeli u&nbsp;piaristov. <\/em><\/strong><\/p>\n<p style=\"text-align: justify;\">V&nbsp;sobotu sv. om\u0161a v&nbsp;hospici nebude, nako\u013eko spoved\u00e1me&#8230;<\/p>\n","protected":false},"excerpt":{"rendered":"<p>Sl\u00e1vime piatu p\u00f4stnu nede\u013eu. Od dne\u0161nej nedele do Ve\u013ek\u00e9ho piatku m\u00e1me zahalen\u00e9&nbsp; kr\u00ed\u017ee. Dnes je prv\u00e1 nede\u013ea v&nbsp;mesiaci, v&nbsp;kaplnke sv. Anny bude celodenn\u00e1 poklona pred vystavenou Sviatos\u0165ou Olt\u00e1rnou. Za\u010dne po sv. om\u0161i a&nbsp;z\u00e1vere\u010dn\u00e9 po\u017eehnanie bude o&nbsp;17.30. Z&nbsp;tohto d\u00f4vodu dnes Kr\u00ed\u017eov\u00e1&#8230;<\/p>\n","protected":false},"author":1,"featured_media":0,"comment_status":"closed","ping_status":"closed","sticky":false,"template":"","format":"standard","meta":{"ngg_post_thumbnail":0,"footnotes":""},"categories":[5],"tags":[18],"class_list":["post-4826","post","type-post","status-publish","format-standard","hentry","category-oznamy","tag-oznamy-2"],"_links":{"self":[{"href":"http:\/\/trencin.fara.sk\/index.php?rest_route=\/wp\/v2\/posts\/4826"}],"collection":[{"href":"http:\/\/trencin.fara.sk\/index.php?rest_route=\/wp\/v2\/posts"}],"about":[{"href":"http:\/\/trencin.fara.sk\/index.php?rest_route=\/wp\/v2\/types\/post"}],"author":[{"embeddable":true,"href":"http:\/\/trencin.fara.sk\/index.php?rest_route=\/wp\/v2\/users\/1"}],"replies":[{"embeddable":true,"href":"http:\/\/trencin.fara.sk\/index.php?rest_route=%2Fwp%2Fv2%2Fcomments&post=4826"}],"version-history":[{"count":1,"href":"http:\/\/trencin.fara.sk\/index.php?rest_route=\/wp\/v2\/posts\/4826\/revisions"}],"predecessor-version":[{"id":4827,"href":"http:\/\/trencin.fara.sk\/index.php?rest_route=\/wp\/v2\/posts\/4826\/revisions\/4827"}],"wp:attachment":[{"href":"http:\/\/trencin.fara.sk\/index.php?rest_route=%2Fwp%2Fv2%2Fmedia&parent=4826"}],"wp:term":[{"taxonomy":"category","embeddable":true,"href":"http:\/\/trencin.fara.sk\/index.php?rest_route=%2Fwp%2Fv2%2Fcategories&post=4826"},{"taxonomy":"post_tag","embeddable":true,"href":"http:\/\/trencin.fara.sk\/index.php?rest_route=%2Fwp%2Fv2%2Ftags&post=4826"}],"curies":[{"name":"wp","href":"https:\/\/api.w.org\/{rel}","templated":true}]}}