{"id":4829,"date":"2017-04-08T21:37:47","date_gmt":"2017-04-08T19:37:47","guid":{"rendered":"http:\/\/trencin.fara.sk\/?p=4829"},"modified":"2017-04-16T10:25:45","modified_gmt":"2017-04-16T08:25:45","slug":"oznamy-na-kvetnu-nedelu-9-4-2017","status":"publish","type":"post","link":"http:\/\/trencin.fara.sk\/?p=4829","title":{"rendered":"Oznamy na Kvetn\u00fa nede\u013eu (9.4.2017)"},"content":{"rendered":"<p>Sl\u00e1vime Kvetn\u00fa nede\u013eu. Dnes je Medzin\u00e1rodn\u00fd de\u0148 ml\u00e1de\u017ee. Popoludn\u00ed o&nbsp;15.30 bud\u00fa ma\u0165 deti pravideln\u00e9 tvoriv\u00e9 stretnutie s&nbsp;mlad\u00fdmi v&nbsp;cirkevnej Z\u0160. Poz\u00fdvame deti&#8230;<\/p>\n<p><strong><em>Dnes spoved\u00e1me pred Ve\u013ekou Nocou v&nbsp;na\u0161om meste od 15.00 \u2013 17.30 v&nbsp;kostole u&nbsp;piaristov a &nbsp;v kostole&nbsp;na Juhu od 15.00-18.00.&nbsp;&nbsp; Spoveda\u0165 budeme aj v pondelok od 15.00 &#8211; 17.30 a&nbsp;v&nbsp;utorok od 9.00 &#8211; 11.30 a&nbsp;po obede od 15.00 &#8211; 17.30. V&nbsp;pondelok a&nbsp;utorok spoved\u00e1me len v kostole u&nbsp;Piaristov.<\/em><\/strong><\/p>\n<p><strong><em>V<\/em><\/strong><em>&nbsp;<strong>pondelok a&nbsp;utorok<\/strong><\/em> bude sv. om\u0161a vo farskom kostole r\u00e1no o&nbsp;7.00.<strong><em> Ve\u010dern\u00e9 sv. om\u0161e v&nbsp;pondelok a&nbsp;utorok<\/em><\/strong> vo farskom kostole a v&nbsp;kostole Notre Dame nebud\u00fa.&nbsp;<\/p>\n<p>V&nbsp;pondelok,&nbsp;utorok a stredu bude sv. om\u0161a v&nbsp;kaplnke sv. Anny o&nbsp;8.00.<\/p>\n<p><strong><em>V&nbsp;pondelok a&nbsp;utorok nebudeme na farskom \u00farade v&nbsp;\u00faradn\u00fdch hodin\u00e1ch, nako\u013eko spoved\u00e1me. Pros\u00edme, aby ste si \u00faradn\u00e9 z\u00e1le\u017eitosti pri\u0161li vybavi\u0165 a\u017e v&nbsp;stredu. Net\u00fdka sa to, samozrejme, pohrebov.<\/em><\/strong><\/p>\n<p><strong><em>Vo \u0161tvrtok<\/em><\/strong> poklona vo farskom kostole od 14.00 nebude.<\/p>\n<p style=\"text-align: justify;\"><strong><em><span style=\"text-decoration: underline;\">Obrady na Zelen\u00fd \u0161tvrtok, Ve\u013ek\u00fd piatok a&nbsp; Bielu sobotu bud\u00fa nasledovne:<\/span><\/em><\/strong><\/p>\n<p style=\"text-align: justify;\"><div class=\"table-responsive\"><table  style=\"width:500px; \"  class=\"easy-table easy-table-default \" >\n<thead>\r\n<tr><th  style=\"text-align:left\" ><\/th>\n<th  style=\"text-align:center\" >Farsk\u00fd kostol<\/th>\n<th  style=\"text-align:center\" >Piaristi<\/th>\n<th  style=\"text-align:center\" >Notre Dame<\/th>\n<th  style=\"text-align:center\" >Sv. Anna<\/th>\n<th  style=\"text-align:center\" >Tren\u010d. Biskupice<\/th>\n<\/tr>\n<\/thead>\n<tbody>\r\n<tr><td style=\"text-align:left;font-weight:bold\">Zelen\u00fd \u0161tvrtok<\/td>\n<td  style=\"text-align:center\" >16.00<\/td>\n<td  style=\"text-align:center\" >18.00<\/td>\n<td  style=\"text-align:center\" >17.00<\/td>\n<td  style=\"text-align:center\" >16.00<\/td>\n<td  style=\"text-align:center\" >18.30<\/td>\n<\/tr>\n\r\n<tr><td style=\"text-align:left;font-weight:bold\">Ve\u013ek\u00fd piatok<\/td>\n<td  style=\"text-align:center\" >16.00<\/td>\n<td  style=\"text-align:center\" >15.00<\/td>\n<td  style=\"text-align:center\" >17.00<\/td>\n<td  style=\"text-align:center\" >17.00<\/td>\n<td  style=\"text-align:center\" >15.00<\/td>\n<\/tr>\n\r\n<tr><td  style=\"text-align:left\" >poklona do:<\/td>\n<td  style=\"text-align:center\" >20.00<\/td>\n<td  style=\"text-align:center\" >21.00<\/td>\n<td  style=\"text-align:center\" >22.00<\/td>\n<td  style=\"text-align:center\" >20.00<\/td>\n<td  style=\"text-align:center\" >21.30<\/td>\n<\/tr>\n\r\n<tr><td style=\"text-align:left;font-weight:bold\">Biela sobota<\/td>\n<td  style=\"text-align:center\" >18.00<\/td>\n<td  style=\"text-align:center\" >19.00<\/td>\n<td  style=\"text-align:center\" >19.00<\/td>\n<td  style=\"text-align:center\" >18.00<\/td>\n<td  style=\"text-align:center\" >19.00<\/td>\n<\/tr>\n\r\n<tr><td  style=\"text-align:left\" >poklona od:<\/td>\n<td  style=\"text-align:center\" >8.00<\/td>\n<td  style=\"text-align:center\" >8.00<\/td>\n<td  style=\"text-align:center\" >7.00<\/td>\n<td  style=\"text-align:center\" >8.30<\/td>\n<td  style=\"text-align:center\" >10.00<\/td>\n<\/tr>\n<\/tbody><\/table><\/div><\/p>\n<p>Rozvrh obradov si m\u00f4\u017eete pozrie\u0165 na v\u00fdveske v ka\u017edom kostole alebo vo farsk\u00fdch listoch.<\/p>\n<p><strong><em>Na Ve\u013ek\u00fd<\/em><\/strong> <strong><em>piatok <\/em><\/strong>&nbsp;bude pobo\u017enos\u0165 Kr\u00ed\u017eovej cesty mestom. Srde\u010dne v\u00e1s na t\u00fato pobo\u017enos\u0165 poz\u00fdvame. <strong><em>Za\u010dne pred&nbsp;kostolom Notre Dame po obradoch o&nbsp;18.30<\/em><\/strong> a&nbsp;skon\u010d\u00ed sa na n\u00e1dvor\u00ed Tren\u010dianskeho hradu. Prineste si so sebou svie\u010dky.<\/p>\n<p><strong><em>Na Ve\u013ek\u00fd piatok je pr\u00edsny p\u00f4st. <\/em><\/strong>Zdr\u017eujeme sa m\u00e4sit\u00e9ho pokrmu a&nbsp;len raz za de\u0148 sa m\u00f4\u017eeme dos\u00fdta najes\u0165.<\/p>\n<p><strong><em>&nbsp;Na ve\u013ekono\u010dn\u00fa nede\u013eu<\/em><\/strong> bude obvykl\u00e1 farsk\u00e1 zbierka. Za va\u0161e milodary vyslovujeme vopred \u00faprimn\u00e9 P\u00e1n Boh zapla\u0165.<\/p>\n<p style=\"text-align: justify;\"><strong><em>Pre\u017eime Ve\u013ek\u00fd t\u00fd\u017ede\u0148 s&nbsp;pokorou v&nbsp;srdci a&nbsp;na\u010derpajme silu k dobru z&nbsp;Kristovej l\u00e1sky. Nech n\u00e1m k&nbsp;tomu pom\u00f4\u017ee aj \u00faprimn\u00e1 sv. spove\u010f&#8230;<\/em><\/strong><\/p>\n","protected":false},"excerpt":{"rendered":"<p>Sl\u00e1vime Kvetn\u00fa nede\u013eu. Dnes je Medzin\u00e1rodn\u00fd de\u0148 ml\u00e1de\u017ee. Popoludn\u00ed o&nbsp;15.30 bud\u00fa ma\u0165 deti pravideln\u00e9 tvoriv\u00e9 stretnutie s&nbsp;mlad\u00fdmi v&nbsp;cirkevnej Z\u0160. Poz\u00fdvame deti&#8230; Dnes spoved\u00e1me pred Ve\u013ekou Nocou v&nbsp;na\u0161om meste od 15.00 \u2013 17.30 v&nbsp;kostole u&nbsp;piaristov a &nbsp;v kostole&nbsp;na Juhu od 15.00-18.00.&nbsp;&nbsp;&#8230;<\/p>\n","protected":false},"author":1,"featured_media":0,"comment_status":"closed","ping_status":"closed","sticky":false,"template":"","format":"standard","meta":{"ngg_post_thumbnail":0,"footnotes":""},"categories":[5],"tags":[18],"class_list":["post-4829","post","type-post","status-publish","format-standard","hentry","category-oznamy","tag-oznamy-2"],"_links":{"self":[{"href":"http:\/\/trencin.fara.sk\/index.php?rest_route=\/wp\/v2\/posts\/4829"}],"collection":[{"href":"http:\/\/trencin.fara.sk\/index.php?rest_route=\/wp\/v2\/posts"}],"about":[{"href":"http:\/\/trencin.fara.sk\/index.php?rest_route=\/wp\/v2\/types\/post"}],"author":[{"embeddable":true,"href":"http:\/\/trencin.fara.sk\/index.php?rest_route=\/wp\/v2\/users\/1"}],"replies":[{"embeddable":true,"href":"http:\/\/trencin.fara.sk\/index.php?rest_route=%2Fwp%2Fv2%2Fcomments&post=4829"}],"version-history":[{"count":2,"href":"http:\/\/trencin.fara.sk\/index.php?rest_route=\/wp\/v2\/posts\/4829\/revisions"}],"predecessor-version":[{"id":4831,"href":"http:\/\/trencin.fara.sk\/index.php?rest_route=\/wp\/v2\/posts\/4829\/revisions\/4831"}],"wp:attachment":[{"href":"http:\/\/trencin.fara.sk\/index.php?rest_route=%2Fwp%2Fv2%2Fmedia&parent=4829"}],"wp:term":[{"taxonomy":"category","embeddable":true,"href":"http:\/\/trencin.fara.sk\/index.php?rest_route=%2Fwp%2Fv2%2Fcategories&post=4829"},{"taxonomy":"post_tag","embeddable":true,"href":"http:\/\/trencin.fara.sk\/index.php?rest_route=%2Fwp%2Fv2%2Ftags&post=4829"}],"curies":[{"name":"wp","href":"https:\/\/api.w.org\/{rel}","templated":true}]}}