{"id":4840,"date":"2017-04-16T10:25:18","date_gmt":"2017-04-16T08:25:18","guid":{"rendered":"http:\/\/trencin.fara.sk\/?p=4840"},"modified":"2017-04-26T16:59:47","modified_gmt":"2017-04-26T14:59:47","slug":"oznamy-na-velkonocnu-nedelu-16-4-2017","status":"publish","type":"post","link":"http:\/\/trencin.fara.sk\/?p=4840","title":{"rendered":"Oznamy na Ve\u013ekono\u010dn\u00fa nede\u013eu (16.4.2017)"},"content":{"rendered":"<p><strong><em>Sl\u00e1vime najv\u00e4\u010d\u0161\u00ed sviatok v&nbsp;cirkevnom roku, Ve\u013ekono\u010dn\u00fa nede\u013eu.<\/em><\/strong><\/p>\n<p><strong><em>Dnes&nbsp; o&nbsp;18.00 bud\u00fa v&nbsp;kostole Notre Dame sl\u00e1vnostn\u00e9 spievan\u00e9 ve\u0161pery, na ktor\u00e9 v\u00e1s srde\u010dne poz\u00fdvame. Cel\u00fd t\u00fd\u017ede\u0148 m\u00e1me ve\u013ekono\u010dn\u00fa okt\u00e1vu, oslavujeme tieto dni ako jeden sviatok.<\/em><\/strong><\/p>\n<p><strong><em>Zajtra na Ve\u013ekono\u010dn\u00fd pondelok bud\u00fa sv. om\u0161e tak ako v&nbsp;nede\u013eu, okrem sv. om\u0161e o&nbsp;18.30&nbsp;v&nbsp;kostole Notre Dame, ktor\u00e1 nebude. <\/em><\/strong>Vo ve\u013ekono\u010dnom obdob\u00ed sa modl\u00edme modlitbu Raduj sa, nebies Kr\u00e1\u013eovn\u00e1.<\/p>\n<p>CPR poz\u00fdva v&nbsp;sobotu 22.4. o&nbsp;13.00 na predn\u00e1\u0161ku k\u0148aza Jozefa Marettu na t\u00e9mu \u201eBoj o&nbsp;mali\u010dk\u00fdch\u201c, ktor\u00e1 sa bude kona\u0165 v&nbsp;refekt\u00e1ri piaristick\u00e9ho gymn\u00e1zia. Podrobnosti s\u00fa na v\u00fdvesk\u00e1ch&#8230;<\/p>\n<p><strong><em>Na bud\u00facu nede\u013eu od 10.00 do 11.00 bude sk\u00fa\u0161ka rovno\u0161iat pre prvoprij\u00edmaj\u00face deti. Pros\u00edme rodi\u010dov, aby pri\u0161li na t\u00fato sk\u00fa\u0161ku aj so svojimi de\u0165mi<\/em><\/strong>&#8230;Pripom\u00edname, \u017ee za po\u017ei\u010danie rovno\u0161aty sa bude plati\u0165 10 \u20ac. &nbsp;<\/p>\n<p>Bud\u00faca nede\u013ea je <strong><em>Nede\u013ea Bo\u017eieho milosrdenstva<\/em><\/strong>. My osl\u00e1vime tento sviatok na Skalke. Program v&nbsp;sobotu si m\u00f4\u017eete pozrie\u0165 na v\u00fdveske. V nede\u013eu&nbsp; popoludn\u00ed bude na Skalke pri kaplnke Bo\u017eieho milosrdenstva v&nbsp;starom lome pobo\u017enos\u0165 o&nbsp;14.30, n\u00e1sledne na to bude procesia do Diec\u00e9znej sv\u00e4tyne. O&nbsp;16.00 bude sl\u00e1vnostn\u00e1 sv. om\u0161a. Srde\u010dne v\u00e1s poz\u00fdvame &#8230;<\/p>\n<p><strong><em>Dnes je obvykl\u00e1 ve\u013ekono\u010dn\u00e1 farsk\u00e1 zbierka. Za va\u0161e milodary vyslovujeme \u00faprimn\u00e9 P\u00e1n Boh zapla\u0165. <\/em><\/strong><\/p>\n<p><strong><em>Prajeme v\u00e1m po\u017eehnan\u00e9 ve\u013ekono\u010dn\u00e9 sviatky.<\/em><\/strong> Nech Kristova l\u00e1ska a jeho v\u00ed\u0165azstvo nad smr\u0165ou napln\u00ed na\u0161e srdcia, aby aj n\u00e1m tajomstvo vzkriesenia dodalo odvahy ku konaniu dobra a&nbsp;k&nbsp;l\u00e1ske.<\/p>\n","protected":false},"excerpt":{"rendered":"<p>Sl\u00e1vime najv\u00e4\u010d\u0161\u00ed sviatok v&nbsp;cirkevnom roku, Ve\u013ekono\u010dn\u00fa nede\u013eu. Dnes&nbsp; o&nbsp;18.00 bud\u00fa v&nbsp;kostole Notre Dame sl\u00e1vnostn\u00e9 spievan\u00e9 ve\u0161pery, na ktor\u00e9 v\u00e1s srde\u010dne poz\u00fdvame. Cel\u00fd t\u00fd\u017ede\u0148 m\u00e1me ve\u013ekono\u010dn\u00fa okt\u00e1vu, oslavujeme tieto dni ako jeden sviatok. Zajtra na Ve\u013ekono\u010dn\u00fd pondelok bud\u00fa sv. om\u0161e tak&#8230;<\/p>\n","protected":false},"author":1,"featured_media":0,"comment_status":"closed","ping_status":"closed","sticky":false,"template":"","format":"standard","meta":{"ngg_post_thumbnail":0,"footnotes":""},"categories":[5],"tags":[18],"class_list":["post-4840","post","type-post","status-publish","format-standard","hentry","category-oznamy","tag-oznamy-2"],"_links":{"self":[{"href":"http:\/\/trencin.fara.sk\/index.php?rest_route=\/wp\/v2\/posts\/4840"}],"collection":[{"href":"http:\/\/trencin.fara.sk\/index.php?rest_route=\/wp\/v2\/posts"}],"about":[{"href":"http:\/\/trencin.fara.sk\/index.php?rest_route=\/wp\/v2\/types\/post"}],"author":[{"embeddable":true,"href":"http:\/\/trencin.fara.sk\/index.php?rest_route=\/wp\/v2\/users\/1"}],"replies":[{"embeddable":true,"href":"http:\/\/trencin.fara.sk\/index.php?rest_route=%2Fwp%2Fv2%2Fcomments&post=4840"}],"version-history":[{"count":1,"href":"http:\/\/trencin.fara.sk\/index.php?rest_route=\/wp\/v2\/posts\/4840\/revisions"}],"predecessor-version":[{"id":4841,"href":"http:\/\/trencin.fara.sk\/index.php?rest_route=\/wp\/v2\/posts\/4840\/revisions\/4841"}],"wp:attachment":[{"href":"http:\/\/trencin.fara.sk\/index.php?rest_route=%2Fwp%2Fv2%2Fmedia&parent=4840"}],"wp:term":[{"taxonomy":"category","embeddable":true,"href":"http:\/\/trencin.fara.sk\/index.php?rest_route=%2Fwp%2Fv2%2Fcategories&post=4840"},{"taxonomy":"post_tag","embeddable":true,"href":"http:\/\/trencin.fara.sk\/index.php?rest_route=%2Fwp%2Fv2%2Ftags&post=4840"}],"curies":[{"name":"wp","href":"https:\/\/api.w.org\/{rel}","templated":true}]}}