{"id":4843,"date":"2017-04-26T16:59:33","date_gmt":"2017-04-26T14:59:33","guid":{"rendered":"http:\/\/trencin.fara.sk\/?p=4843"},"modified":"2017-04-29T22:36:42","modified_gmt":"2017-04-29T20:36:42","slug":"oznamy-na-2-velkonocnu-nedelu-23-4-2017","status":"publish","type":"post","link":"http:\/\/trencin.fara.sk\/?p=4843","title":{"rendered":"Oznamy na 2. ve\u013ekono\u010dn\u00fa nede\u013eu (23.4.2017)"},"content":{"rendered":"<p style=\"text-align: justify;\"><strong><em>Sl\u00e1vime druh\u00fa ve\u013ekono\u010dn\u00fa nede\u013eu. <\/em><\/strong><\/p>\n<p style=\"text-align: justify;\">Dne\u0161n\u00e1 nede\u013ea je <strong><em>Nede\u013ea Bo\u017eieho milosrdenstva<\/em><\/strong>. Dnes&nbsp; bude na Skalke pri kaplnke Bo\u017eieho milosrdenstva v&nbsp;starom lome pobo\u017enos\u0165 o&nbsp;14.30, n\u00e1sledne na to bude procesia do Diec\u00e9znej sv\u00e4tyne. O&nbsp;16.00 bude sl\u00e1vnostn\u00e1 sv. om\u0161a. Srde\u010dne v\u00e1s poz\u00fdvame &#8230;<\/p>\n<p style=\"text-align: justify;\">Dnes popoludn\u00ed o&nbsp;15.30 bude v&nbsp;cirkevnej \u0161kole pravideln\u00e9 stretnutie det\u00ed s&nbsp;hrami a&nbsp;aktivitami&#8230;<\/p>\n<p style=\"text-align: justify;\">CPR poz\u00fdva dnes o&nbsp;16.30 do priestorov centra na Tvoriv\u00e9 dielne pre deti a&nbsp;v&nbsp;nede\u013eu 30.4.&nbsp; na turistick\u00fd v\u00fdlet na rozh\u013ead\u0148u Ve\u013ek\u00fd Lopen\u00edk. Bli\u017e\u0161ie inform\u00e1cie s\u00fa na webovej str\u00e1nke centra.<\/p>\n<p style=\"text-align: justify;\"><strong><em>\u00daprimne \u010fakujeme v\u0161etk\u00fdm, ktor\u00ed sa pri\u010dinili o&nbsp;sl\u00e1vnostn\u00fd a&nbsp;d\u00f4stojn\u00fd priebeh obradov po\u010das sviatkov Ve\u013ekej Noci. Nech v\u00e1m dobr\u00fd P\u00e1n Boh odmen\u00ed va\u0161u n\u00e1mahu a&nbsp;obetavos\u0165.<\/em><\/strong><\/p>\n<p style=\"text-align: justify;\"><strong><em>M\u0160 sv. Andreja \u2013 Svorada a&nbsp;Benedikta oznamuje, \u017ee pod\u00e1vanie \u017eiadost\u00ed o&nbsp;prijatie die\u0165a\u0165a do M\u0160 sa bude kona\u0165 v&nbsp;d\u0148och od 24. apr\u00edla do 12. m\u00e1ja 2017 v&nbsp;\u010dase od 8.00 do 16.00. <\/em><\/strong>Podrobnosti s\u00fa na v\u00fdvesk\u00e1ch&#8230;<\/p>\n<p style=\"text-align: justify;\"><strong><em>Zajtra zav\u00edta do na\u0161ej farnosti&nbsp; Mons. J\u00e1n Majern\u00edk,<\/em><\/strong> bude celebrova\u0165 sv. om\u0161u vo farskom kostole o&nbsp;16.00&#8230;<\/p>\n<p style=\"text-align: justify;\">V&nbsp;piatok o&nbsp;19.00 bude v&nbsp;kostole Notre Dame ador\u00e1cia pred Sviatos\u0165ou Olt\u00e1rnou. Srde\u010dne poz\u00fdvame, hlavne ml\u00e1de\u017en\u00edkov&#8230;.<\/p>\n<p style=\"text-align: justify;\"><strong><em>P\u00fa\u0165 s&nbsp;r\u00e1diom Lumen<\/em><\/strong> do Sanktu\u00e1ria Bo\u017eieho milosrdenstva v&nbsp;Krakove sa uskuto\u010dn\u00ed d\u0148a <strong><em>6. m\u00e1ja 2017<\/em><\/strong>. Podrobnosti s\u00fa na v\u00fdvesk\u00e1ch&#8230;<\/p>\n<p style=\"text-align: justify;\"><strong><em>D\u00e1vame do pozornosti dvoj\u010d\u00edslo Katol\u00edckych nov\u00edn,<\/em><\/strong> je v&nbsp;nich ve\u013ea obohacuj\u00facich \u010dl\u00e1nkov. M\u00f4\u017eeme sa dozvedie\u0165 viac o&nbsp;tom, ako pochovali P\u00e1na Je\u017ei\u0161a, o&nbsp;obnovenej Bazilike Bo\u017eieho hrobu, o&nbsp;90. narodenin\u00e1ch emeritn\u00e9ho p\u00e1pe\u017ea Benedikta XVI&#8230;. N\u00e1jdeme v&nbsp;nich aj rozhovory&nbsp; s&nbsp;v\u00fdznamn\u00fdmi \u013eu\u010fmi \u2013 kardin\u00e1lom Tomkom, biskupom R\u00e1bekom a&nbsp;\u010fal\u0161\u00edmi&#8230;<\/p>\n<p style=\"text-align: justify;\"><em><u>Liturgick\u00fd kalend\u00e1r:<br \/>\n<\/u><\/em>po: spomienka na sv. Juraja, mu\u010den\u00edka<br \/>\nut:&nbsp; sviatok sv. Marka, evanjelistu<br \/>\nso: sviatok sv. Katar\u00edny Sienskej, panny a&nbsp;u\u010d. Cirkvi, patr\u00f3nky Eur\u00f3py<\/p>\n","protected":false},"excerpt":{"rendered":"<p>Sl\u00e1vime druh\u00fa ve\u013ekono\u010dn\u00fa nede\u013eu. Dne\u0161n\u00e1 nede\u013ea je Nede\u013ea Bo\u017eieho milosrdenstva. Dnes&nbsp; bude na Skalke pri kaplnke Bo\u017eieho milosrdenstva v&nbsp;starom lome pobo\u017enos\u0165 o&nbsp;14.30, n\u00e1sledne na to bude procesia do Diec\u00e9znej sv\u00e4tyne. O&nbsp;16.00 bude sl\u00e1vnostn\u00e1 sv. om\u0161a. Srde\u010dne v\u00e1s poz\u00fdvame &#8230; Dnes&#8230;<\/p>\n","protected":false},"author":1,"featured_media":0,"comment_status":"closed","ping_status":"closed","sticky":false,"template":"","format":"standard","meta":{"ngg_post_thumbnail":0,"footnotes":""},"categories":[5],"tags":[18],"class_list":["post-4843","post","type-post","status-publish","format-standard","hentry","category-oznamy","tag-oznamy-2"],"_links":{"self":[{"href":"http:\/\/trencin.fara.sk\/index.php?rest_route=\/wp\/v2\/posts\/4843"}],"collection":[{"href":"http:\/\/trencin.fara.sk\/index.php?rest_route=\/wp\/v2\/posts"}],"about":[{"href":"http:\/\/trencin.fara.sk\/index.php?rest_route=\/wp\/v2\/types\/post"}],"author":[{"embeddable":true,"href":"http:\/\/trencin.fara.sk\/index.php?rest_route=\/wp\/v2\/users\/1"}],"replies":[{"embeddable":true,"href":"http:\/\/trencin.fara.sk\/index.php?rest_route=%2Fwp%2Fv2%2Fcomments&post=4843"}],"version-history":[{"count":1,"href":"http:\/\/trencin.fara.sk\/index.php?rest_route=\/wp\/v2\/posts\/4843\/revisions"}],"predecessor-version":[{"id":4844,"href":"http:\/\/trencin.fara.sk\/index.php?rest_route=\/wp\/v2\/posts\/4843\/revisions\/4844"}],"wp:attachment":[{"href":"http:\/\/trencin.fara.sk\/index.php?rest_route=%2Fwp%2Fv2%2Fmedia&parent=4843"}],"wp:term":[{"taxonomy":"category","embeddable":true,"href":"http:\/\/trencin.fara.sk\/index.php?rest_route=%2Fwp%2Fv2%2Fcategories&post=4843"},{"taxonomy":"post_tag","embeddable":true,"href":"http:\/\/trencin.fara.sk\/index.php?rest_route=%2Fwp%2Fv2%2Ftags&post=4843"}],"curies":[{"name":"wp","href":"https:\/\/api.w.org\/{rel}","templated":true}]}}