{"id":4845,"date":"2017-04-29T22:35:52","date_gmt":"2017-04-29T20:35:52","guid":{"rendered":"http:\/\/trencin.fara.sk\/?p=4845"},"modified":"2017-05-07T09:56:34","modified_gmt":"2017-05-07T07:56:34","slug":"oznamy-na-3-velkonocnu-nedelu-30-4-2017","status":"publish","type":"post","link":"http:\/\/trencin.fara.sk\/?p=4845","title":{"rendered":"Oznamy na 3. ve\u013ekono\u010dn\u00fa nede\u013eu (30.4.2017)"},"content":{"rendered":"<p><strong><em>Sl\u00e1vime tretiu ve\u013ekono\u010dn\u00fa nede\u013eu. <\/em><\/strong><\/p>\n<p><strong><em>Zajtra 1. m\u00e1ja organizujeme tradi\u010dn\u00fd celodenn\u00fd v\u00fdlet na Inovec. Poz\u00fdvame rodiny s&nbsp;de\u0165mi, ml\u00e1de\u017en\u00edkov aj seniorov&#8230; Stretneme sa o&nbsp;7.45 pred kostolom Notre Dame, odchod bude o&nbsp;8.00 od Tren\u010dana&#8230;<\/em><\/strong>\u0160peka\u010dky s\u00fa pripraven\u00e9&#8230;<\/p>\n<p><strong><em>V&nbsp;tomto t\u00fd\u017edni m\u00e1me prv\u00fd piatok v&nbsp;mesiaci, <\/em><\/strong>spoveda\u0165 budeme pribli\u017ene hodinu pred sv. om\u0161ami. V&nbsp;piatok po sv. om\u0161i vo farskom kostole bude prvopiatkov\u00e1 pobo\u017enos\u0165 pred vystavenou Sviatos\u0165ou Olt\u00e1rnou a&nbsp;po\u017eehnanie.<\/p>\n<p><strong><em>M\u0160 sv. Andreja \u2013 Svorada a&nbsp;Benedikta oznamuje, \u017ee pod\u00e1vanie \u017eiadost\u00ed o&nbsp;prijatie die\u0165a\u0165a do M\u0160 sa kon\u00e1 do 12. m\u00e1ja 2017 v&nbsp;\u010dase od 8.00 do 16.00. <\/em><\/strong>Podrobnosti s\u00fa na v\u00fdvesk\u00e1ch.<\/p>\n<p><strong><em>P\u00fa\u0165 s&nbsp;r\u00e1diom Lumen<\/em><\/strong> do Sanktu\u00e1ria Bo\u017eieho milosrdenstva v&nbsp;Krakove sa uskuto\u010dn\u00ed d\u0148a 6. m\u00e1ja 2017. Podrobnosti s\u00fa na v\u00fdvesk\u00e1ch.<\/p>\n<p><strong><em>V&nbsp;sobotu 6. m\u00e1ja je v&nbsp;k\u0148azskom semin\u00e1ri&nbsp; v&nbsp;Nitre De\u0148 otvoren\u00fdch dver\u00ed.<\/em><\/strong> Ste srde\u010dne pozvan\u00ed&#8230;<\/p>\n<p><strong><em>Bud\u00faca nede\u013ea je Nede\u013ea Dobr\u00e9ho Pastiera, <\/em><\/strong>preto na bud\u00facu nede\u013eu o&nbsp;15.00 bude vo farskom kostole poklona pred vystavenou Sviatos\u0165ou Olt\u00e1rnou s&nbsp;prosbou o&nbsp;duchovn\u00e9 povolania.<\/p>\n<p><strong><em>Oznamy pre prvoprij\u00edmaj\u00face deti<\/em><\/strong>: Od bud\u00facej nedele bude a\u017e do prv\u00e9ho sv. prij\u00edmania vo farskom kostole pred detskou sv. om\u0161ou <strong><em>o&nbsp;10.30 n\u00e1cvik piesn\u00ed<\/em><\/strong> k&nbsp;l. sv. prij\u00edmaniu. \u00da\u010das\u0165 det\u00ed je povinn\u00e1.<\/p>\n<p><strong><em>Gener\u00e1lna sk\u00fa\u0161ka pred l. sv. prij\u00edman\u00edm bude v&nbsp;nede\u013eu 14.5. 2017<\/em><\/strong>. Deti zo Z\u0160 5. a&nbsp;6. \/na Dlh\u00fdch honoch a&nbsp;Bezru\u010dovej\/ bud\u00fa ma\u0165 n\u00e1cvik o&nbsp;14.00 hod. Deti zo 7. Z\u0160 na Hod\u017eovej ulici bud\u00fa ma\u0165 n\u00e1cvik o&nbsp;15.30. \u00da\u010das\u0165 v\u0161etk\u00fdch det\u00ed na tomto n\u00e1cviku je nevyhnutn\u00e1!<\/p>\n<p><strong><em>Na bud\u00facu nede\u013eu je jarn\u00e1 zbierka na semin\u00e1r. Za va\u0161e milodary vyslovujeme vopred v&nbsp;mene svojom, predstaven\u00fdch semin\u00e1ra i&nbsp;seminaristov \u00faprimn\u00e9 P\u00e1n Boh zapla\u0165. Modlime sa v&nbsp;tomto t\u00fd\u017edni intenz\u00edvnej\u0161ie za duchovn\u00e9 povolania.<\/em><\/strong><\/p>\n<p>V&nbsp;tomto t\u00fd\u017edni za\u010d\u00edna mesiac m\u00e1j, pred sv. om\u0161ami sa budeme modli\u0165 m\u00e1jov\u00e9 lit\u00e1nie&#8230;<strong><em>&nbsp;&nbsp;&nbsp;&nbsp;&nbsp;&nbsp;&nbsp;&nbsp;&nbsp;&nbsp;&nbsp;&nbsp;&nbsp;&nbsp;&nbsp;&nbsp;&nbsp;&nbsp;&nbsp;&nbsp;&nbsp;&nbsp;&nbsp; <\/em><\/strong><\/p>\n<p><em><u>Liturgick\u00fd kalend\u00e1r<\/u><\/em><\/p>\n<p>po: spomienka na sv. Jozefa, robotn\u00edka<br \/>\nut: spomienka na sv. Atan\u00e1za, biskupa a&nbsp;u\u010d. Cirkvi<br \/>\nst: sviatok sv. Filipa a&nbsp;Jakuba, apo\u0161tolov<\/p>\n","protected":false},"excerpt":{"rendered":"<p>Sl\u00e1vime tretiu ve\u013ekono\u010dn\u00fa nede\u013eu. Zajtra 1. m\u00e1ja organizujeme tradi\u010dn\u00fd celodenn\u00fd v\u00fdlet na Inovec. Poz\u00fdvame rodiny s&nbsp;de\u0165mi, ml\u00e1de\u017en\u00edkov aj seniorov&#8230; Stretneme sa o&nbsp;7.45 pred kostolom Notre Dame, odchod bude o&nbsp;8.00 od Tren\u010dana&#8230;\u0160peka\u010dky s\u00fa pripraven\u00e9&#8230; V&nbsp;tomto t\u00fd\u017edni m\u00e1me prv\u00fd piatok v&nbsp;mesiaci, spoveda\u0165&#8230;<\/p>\n","protected":false},"author":1,"featured_media":0,"comment_status":"closed","ping_status":"closed","sticky":false,"template":"","format":"standard","meta":{"ngg_post_thumbnail":0,"footnotes":""},"categories":[5],"tags":[18],"class_list":["post-4845","post","type-post","status-publish","format-standard","hentry","category-oznamy","tag-oznamy-2"],"_links":{"self":[{"href":"http:\/\/trencin.fara.sk\/index.php?rest_route=\/wp\/v2\/posts\/4845"}],"collection":[{"href":"http:\/\/trencin.fara.sk\/index.php?rest_route=\/wp\/v2\/posts"}],"about":[{"href":"http:\/\/trencin.fara.sk\/index.php?rest_route=\/wp\/v2\/types\/post"}],"author":[{"embeddable":true,"href":"http:\/\/trencin.fara.sk\/index.php?rest_route=\/wp\/v2\/users\/1"}],"replies":[{"embeddable":true,"href":"http:\/\/trencin.fara.sk\/index.php?rest_route=%2Fwp%2Fv2%2Fcomments&post=4845"}],"version-history":[{"count":1,"href":"http:\/\/trencin.fara.sk\/index.php?rest_route=\/wp\/v2\/posts\/4845\/revisions"}],"predecessor-version":[{"id":4846,"href":"http:\/\/trencin.fara.sk\/index.php?rest_route=\/wp\/v2\/posts\/4845\/revisions\/4846"}],"wp:attachment":[{"href":"http:\/\/trencin.fara.sk\/index.php?rest_route=%2Fwp%2Fv2%2Fmedia&parent=4845"}],"wp:term":[{"taxonomy":"category","embeddable":true,"href":"http:\/\/trencin.fara.sk\/index.php?rest_route=%2Fwp%2Fv2%2Fcategories&post=4845"},{"taxonomy":"post_tag","embeddable":true,"href":"http:\/\/trencin.fara.sk\/index.php?rest_route=%2Fwp%2Fv2%2Ftags&post=4845"}],"curies":[{"name":"wp","href":"https:\/\/api.w.org\/{rel}","templated":true}]}}