{"id":4849,"date":"2017-05-07T09:55:19","date_gmt":"2017-05-07T07:55:19","guid":{"rendered":"http:\/\/trencin.fara.sk\/?p=4849"},"modified":"2017-05-13T21:41:30","modified_gmt":"2017-05-13T19:41:30","slug":"oznamy-na-4-velkonocnu-nedelu-7-5-2017","status":"publish","type":"post","link":"http:\/\/trencin.fara.sk\/?p=4849","title":{"rendered":"Oznamy na 4. ve\u013ekono\u010dn\u00fa nede\u013eu (7.5.2017)"},"content":{"rendered":"<p style=\"text-align: justify;\"><strong><em>Sl\u00e1vime \u0161tvrt\u00fa ve\u013ekono\u010dn\u00fa nede\u013eu, Nede\u013eu Dobr\u00e9ho Pastiera. Dnes o&nbsp;15.00 bude vo farskom kostole poklona pred vystavenou Sviatos\u0165ou Olt\u00e1rnou s&nbsp;prosbou o&nbsp;duchovn\u00e9 povolania.<\/em><\/strong><\/p>\n<p style=\"text-align: justify;\">Dnes je prv\u00e1 nede\u013ea v&nbsp;mesiaci, v&nbsp;kaplnke sv. Anny bude celodenn\u00e1 poklona pred vystavenou Sviatos\u0165ou Olt\u00e1rnou. Poklona za\u010dne po sv. om\u0161i, z\u00e1vere\u010dn\u00e9 po\u017eehnanie bude o&nbsp;17.30.<\/p>\n<p style=\"text-align: justify;\">Pravideln\u00e9 stretnutie det\u00ed v&nbsp;cirkevnej Z\u0160 o&nbsp;15.30 s&nbsp;hrami dnes nebude, bude o&nbsp;t\u00fd\u017ede\u0148 v&nbsp;nede\u013eu 14. m\u00e1ja.<\/p>\n<p style=\"text-align: justify;\">Vo \u0161tvrtok m\u00e1me k\u0148azsk\u00fa rekolekciu vo farnosti Tren\u010dianska Turn\u00e1. O&nbsp;9.00 bude ador\u00e1cia&nbsp; vo farskom kostole, o&nbsp;9.30 rekolek\u010dn\u00e1 sv. om\u0161a. <strong><em>Z&nbsp;tohto d\u00f4vodu bude vo \u0161tvrtok v&nbsp;kaplnke sv. Anny sv. om\u0161a u\u017e o&nbsp;8.00. <\/em><\/strong><\/p>\n<p style=\"text-align: justify;\">Vo \u0161tvrtok 11. m\u00e1ja po sv. om\u0161i vo farskom kostole bud\u00fa ma\u0165 n\u00e1cvik na sviatos\u0165 krstu prvoprij\u00edmaj\u00face deti, ktor\u00e9 e\u0161te nie s\u00fa pokrsten\u00e9. <strong><em>Sviatos\u0165 krstu prijm\u00fa nasleduj\u00faci de\u0148 v&nbsp;piatok 12. m\u00e1ja pri sv. om\u0161i o&nbsp;16.00 vo farskom kostole.<\/em><\/strong><\/p>\n<p style=\"text-align: justify;\">V&nbsp;piatok o&nbsp;19.00 bude v&nbsp;kostole Notre Dame ml\u00e1de\u017en\u00edcka sv. om\u0161a. Poz\u00fdvame v\u0161etk\u00fdch ml\u00e1de\u017en\u00edkov&#8230;.<\/p>\n<p style=\"text-align: justify;\"><strong><em>Oznamy pre prvoprij\u00edmaj\u00face deti<\/em><\/strong>: Od dne\u0161nej nedele bude a\u017e do prv\u00e9ho sv. prij\u00edmania vo farskom kostole pred detskou sv. om\u0161ou <strong><em>o&nbsp;10.30 n\u00e1cvik piesn\u00ed<\/em><\/strong> <strong><em>k prv\u00e9mu. sv. prij\u00edmaniu<\/em><\/strong>. \u00da\u010das\u0165 det\u00ed je povinn\u00e1.<\/p>\n<p style=\"text-align: justify;\"><strong><em>Gener\u00e1lna sk\u00fa\u0161ka pred prv\u00fdm sv. prij\u00edman\u00edm bude na bud\u00facu&nbsp;nede\u013eu 14.5. 2017<\/em><\/strong>. Deti zo Z\u0160 5. a&nbsp;6. \/na Dlh\u00fdch honoch a&nbsp;Bezru\u010dovej\/ bud\u00fa ma\u0165 n\u00e1cvik o&nbsp;14.00 hod. Deti zo 7. Z\u0160 na Hod\u017eovej ulici bud\u00fa ma\u0165 n\u00e1cvik o&nbsp;15.30. \u00da\u010das\u0165 v\u0161etk\u00fdch det\u00ed na tomto n\u00e1cviku je nevyhnutn\u00e1!<\/p>\n<p style=\"text-align: justify;\"><strong><em>Dnes &nbsp;je jarn\u00e1 zbierka na semin\u00e1r. Za va\u0161e milodary vyslovujeme v&nbsp;mene svojom, predstaven\u00fdch semin\u00e1ra i&nbsp;seminaristov \u00faprimn\u00e9 P\u00e1n Boh zapla\u0165. Modlime sa v&nbsp;tomto t\u00fd\u017edni intenz\u00edvnej\u0161ie za duchovn\u00e9 povolania.<\/em><\/strong><\/p>\n<p style=\"text-align: justify;\"><em><u>Liturgick\u00fd kalend\u00e1r<br \/>\n<\/u><\/em>so: spomienka Blahoslavenej Panny M\u00e1rie Fatimskej, pripom\u00edname si 100. v\u00fdro\u010die zjavenia Panny M\u00e1rie vo Fatime<\/p>\n","protected":false},"excerpt":{"rendered":"<p>Sl\u00e1vime \u0161tvrt\u00fa ve\u013ekono\u010dn\u00fa nede\u013eu, Nede\u013eu Dobr\u00e9ho Pastiera. Dnes o&nbsp;15.00 bude vo farskom kostole poklona pred vystavenou Sviatos\u0165ou Olt\u00e1rnou s&nbsp;prosbou o&nbsp;duchovn\u00e9 povolania. Dnes je prv\u00e1 nede\u013ea v&nbsp;mesiaci, v&nbsp;kaplnke sv. Anny bude celodenn\u00e1 poklona pred vystavenou Sviatos\u0165ou Olt\u00e1rnou. Poklona za\u010dne po sv&#8230;.<\/p>\n","protected":false},"author":1,"featured_media":0,"comment_status":"closed","ping_status":"closed","sticky":false,"template":"","format":"standard","meta":{"ngg_post_thumbnail":0,"footnotes":""},"categories":[5],"tags":[18],"class_list":["post-4849","post","type-post","status-publish","format-standard","hentry","category-oznamy","tag-oznamy-2"],"_links":{"self":[{"href":"http:\/\/trencin.fara.sk\/index.php?rest_route=\/wp\/v2\/posts\/4849"}],"collection":[{"href":"http:\/\/trencin.fara.sk\/index.php?rest_route=\/wp\/v2\/posts"}],"about":[{"href":"http:\/\/trencin.fara.sk\/index.php?rest_route=\/wp\/v2\/types\/post"}],"author":[{"embeddable":true,"href":"http:\/\/trencin.fara.sk\/index.php?rest_route=\/wp\/v2\/users\/1"}],"replies":[{"embeddable":true,"href":"http:\/\/trencin.fara.sk\/index.php?rest_route=%2Fwp%2Fv2%2Fcomments&post=4849"}],"version-history":[{"count":1,"href":"http:\/\/trencin.fara.sk\/index.php?rest_route=\/wp\/v2\/posts\/4849\/revisions"}],"predecessor-version":[{"id":4850,"href":"http:\/\/trencin.fara.sk\/index.php?rest_route=\/wp\/v2\/posts\/4849\/revisions\/4850"}],"wp:attachment":[{"href":"http:\/\/trencin.fara.sk\/index.php?rest_route=%2Fwp%2Fv2%2Fmedia&parent=4849"}],"wp:term":[{"taxonomy":"category","embeddable":true,"href":"http:\/\/trencin.fara.sk\/index.php?rest_route=%2Fwp%2Fv2%2Fcategories&post=4849"},{"taxonomy":"post_tag","embeddable":true,"href":"http:\/\/trencin.fara.sk\/index.php?rest_route=%2Fwp%2Fv2%2Ftags&post=4849"}],"curies":[{"name":"wp","href":"https:\/\/api.w.org\/{rel}","templated":true}]}}