{"id":4851,"date":"2017-05-13T21:40:26","date_gmt":"2017-05-13T19:40:26","guid":{"rendered":"http:\/\/trencin.fara.sk\/?p=4851"},"modified":"2017-05-20T19:47:51","modified_gmt":"2017-05-20T17:47:51","slug":"oznamy-na-5-velkonocnu-nedelu-14-5-2017","status":"publish","type":"post","link":"http:\/\/trencin.fara.sk\/?p=4851","title":{"rendered":"Oznamy na 5. ve\u013ekono\u010dn\u00fa nede\u013eu (14.5.2017)"},"content":{"rendered":"<p style=\"text-align: justify;\"><strong><em>Sl\u00e1vime piatu ve\u013ekono\u010dn\u00fa nede\u013eu. <\/em><\/strong><\/p>\n<p style=\"text-align: justify;\">Dnes&nbsp; popoludn\u00ed o&nbsp;14.00 bud\u00fa ma\u0165 vo farskom kostole n\u00e1cvik pred 1. sv. prij\u00edman\u00edm &nbsp;&nbsp;deti z&nbsp;5. a&nbsp;6. Z\u0160 na Dlh\u00fdch Honoch a&nbsp;Bezru\u010dovej<strong><em>, <\/em><\/strong>o&nbsp;15.30 deti zo 7. Z\u0160 na Hod\u017eovej ulici.<br \/>\n<strong><em>\u00da\u010das\u0165 v\u0161etk\u00fdch prvoprij\u00edmaj\u00facich det\u00ed je nevyhnutn\u00e1!<\/em><\/strong><\/p>\n<p style=\"text-align: justify;\">Dnes popoludn\u00ed o&nbsp;15.30 bud\u00fa ma\u0165 deti pravideln\u00e9 stretnutie v&nbsp;cirkevnej \u0161kole, ktor\u00e9 je spojen\u00e9 s&nbsp;hrami, aktivitkami&#8230;<\/p>\n<p style=\"text-align: justify;\">CPR poz\u00fdva&nbsp; v&nbsp;pondelok o&nbsp;17.00 na predn\u00e1\u0161ku ThDr. Juraja Sedl\u00e1\u010dka, univerzitn\u00e9ho kapl\u00e1na v Tren\u010d\u00edne, s&nbsp;n\u00e1zvom \u201e<strong><em>Ako a&nbsp;pre\u010do bolia otcovsk\u00e9 rany<\/em><\/strong>?\u201c. Predn\u00e1\u0161ka bude v&nbsp;refekt\u00e1ri u&nbsp;piaristov.<\/p>\n<p style=\"text-align: justify;\">V&nbsp;sobotu od&nbsp;9.30 \u2013 10.00 v&nbsp;kostole Notre Dame budeme spoveda\u0165 prvoprij\u00edmaj\u00face deti z&nbsp;cirkevnej \u0161koly a&nbsp;ich pr\u00edbuzn\u00fdch.<\/p>\n<p style=\"text-align: justify;\"><strong><em>Na bud\u00facu nede\u013eu o&nbsp;8.30 v&nbsp;kostole Notre Dame bud\u00fa ma\u0165 prv\u00e9 sv\u00e4t\u00e9 prij\u00edmanie deti z&nbsp;cirkevnej \u0161koly sv. Andreja-Svorada a&nbsp;Benedikta. Pros\u00edme, aby ste nechali priestor na tejto sv. om\u0161i&nbsp; pre deti a&nbsp;pr\u00edbuzn\u00fdch. Myslime v&nbsp;modlitb\u00e1ch na na\u0161e prvoprij\u00edmaj\u00face deti.<\/em><\/strong><\/p>\n<p style=\"text-align: justify;\"><strong><em>Na bud\u00facu&nbsp;nede\u013eu 21.5. 2017 <\/em><\/strong>sa uskuto\u010dn\u00ed v&nbsp;centre mesta pri Dome arm\u00e1dy druh\u00fd ro\u010dn\u00edk <strong><em>&nbsp;<\/em><\/strong>podujatia<strong><em> \u201eDe\u0148 rodiny v&nbsp;Tren\u010d\u00edne\u201c <\/em><\/strong>so za\u010diatkom o&nbsp;<strong><em>14.00.<\/em><\/strong> Pred ukon\u010den\u00edm podujatia zav\u00edta medzi n\u00e1s aj n\u00e1\u0161 diec\u00e9zny biskup Mons. Viliam Jud\u00e1k. Podrobn\u00fd program n\u00e1jdete na v\u00fdvesk\u00e1ch.<\/p>\n<p style=\"text-align: justify;\"><strong><em>Na bud\u00facu nede\u013eu je pravideln\u00e1 zbierka na opravy na\u0161ich kostolov. <\/em><\/strong>Za va\u0161e milodary vyslovujeme vopred \u00faprimn\u00e9 P\u00e1n Boh zapla\u0165. Sv. om\u0161a vo farskom kostole o&nbsp;11.00 &nbsp;bude na bud\u00facu nede\u013eu obetovan\u00e1 za v\u0161etk\u00fdch dobrodincov.<\/p>\n<p style=\"text-align: justify;\"><em><u>Liturgick\u00fd kalend\u00e1r:<br \/>\n<\/u><\/em>ut: spomienka na sv. J\u00e1na Nepomuck\u00e9ho, k\u0148aza a&nbsp;mu\u010d.<\/p>\n","protected":false},"excerpt":{"rendered":"<p>Sl\u00e1vime piatu ve\u013ekono\u010dn\u00fa nede\u013eu. Dnes&nbsp; popoludn\u00ed o&nbsp;14.00 bud\u00fa ma\u0165 vo farskom kostole n\u00e1cvik pred 1. sv. prij\u00edman\u00edm &nbsp;&nbsp;deti z&nbsp;5. a&nbsp;6. Z\u0160 na Dlh\u00fdch Honoch a&nbsp;Bezru\u010dovej, o&nbsp;15.30 deti zo 7. Z\u0160 na Hod\u017eovej ulici. \u00da\u010das\u0165 v\u0161etk\u00fdch prvoprij\u00edmaj\u00facich det\u00ed je nevyhnutn\u00e1! Dnes&#8230;<\/p>\n","protected":false},"author":1,"featured_media":0,"comment_status":"closed","ping_status":"closed","sticky":false,"template":"","format":"standard","meta":{"ngg_post_thumbnail":0,"footnotes":""},"categories":[5],"tags":[18],"class_list":["post-4851","post","type-post","status-publish","format-standard","hentry","category-oznamy","tag-oznamy-2"],"_links":{"self":[{"href":"http:\/\/trencin.fara.sk\/index.php?rest_route=\/wp\/v2\/posts\/4851"}],"collection":[{"href":"http:\/\/trencin.fara.sk\/index.php?rest_route=\/wp\/v2\/posts"}],"about":[{"href":"http:\/\/trencin.fara.sk\/index.php?rest_route=\/wp\/v2\/types\/post"}],"author":[{"embeddable":true,"href":"http:\/\/trencin.fara.sk\/index.php?rest_route=\/wp\/v2\/users\/1"}],"replies":[{"embeddable":true,"href":"http:\/\/trencin.fara.sk\/index.php?rest_route=%2Fwp%2Fv2%2Fcomments&post=4851"}],"version-history":[{"count":1,"href":"http:\/\/trencin.fara.sk\/index.php?rest_route=\/wp\/v2\/posts\/4851\/revisions"}],"predecessor-version":[{"id":4852,"href":"http:\/\/trencin.fara.sk\/index.php?rest_route=\/wp\/v2\/posts\/4851\/revisions\/4852"}],"wp:attachment":[{"href":"http:\/\/trencin.fara.sk\/index.php?rest_route=%2Fwp%2Fv2%2Fmedia&parent=4851"}],"wp:term":[{"taxonomy":"category","embeddable":true,"href":"http:\/\/trencin.fara.sk\/index.php?rest_route=%2Fwp%2Fv2%2Fcategories&post=4851"},{"taxonomy":"post_tag","embeddable":true,"href":"http:\/\/trencin.fara.sk\/index.php?rest_route=%2Fwp%2Fv2%2Ftags&post=4851"}],"curies":[{"name":"wp","href":"https:\/\/api.w.org\/{rel}","templated":true}]}}