{"id":4854,"date":"2017-05-20T19:47:34","date_gmt":"2017-05-20T17:47:34","guid":{"rendered":"http:\/\/trencin.fara.sk\/?p=4854"},"modified":"2017-05-29T12:05:14","modified_gmt":"2017-05-29T10:05:14","slug":"oznamy-na-6-velkonocnu-nedelu-21-5-2017","status":"publish","type":"post","link":"http:\/\/trencin.fara.sk\/?p=4854","title":{"rendered":"Oznamy na 6. ve\u013ekono\u010dn\u00fa nede\u013eu (21.5.2017)"},"content":{"rendered":"<p style=\"text-align: justify;\"><strong><em>Sl\u00e1vime \u0161iestu ve\u013ekono\u010dn\u00fa nede\u013eu.<\/em><\/strong><\/p>\n<p style=\"text-align: justify;\">CPR organizuje dnes popoludn\u00ed v&nbsp;centre mesta pri Dome arm\u00e1dy druh\u00fd ro\u010dn\u00edk podujatia <strong><em>\u201eDe\u0148 rodiny v&nbsp;Tren\u010d\u00edne\u201c<\/em><\/strong> so za\u010diatkom o&nbsp;14.00. Pred ukon\u010den\u00edm podujatia zav\u00edta medzi n\u00e1s aj n\u00e1\u0161 diec\u00e9zny biskup Mons. Viliam Jud\u00e1k. Podrobn\u00fd program n\u00e1jdete na v\u00fdvesk\u00e1ch.<\/p>\n<p style=\"text-align: justify;\"><strong><em>V&nbsp;sobotu od 10.00 do 11.00 bude vo farskom kostole sv. spove\u010f pre prvoprij\u00edmaj\u00face deti z&nbsp;na\u0161ej farnosti, ktor\u00e9 prist\u00fapia k&nbsp;sv. prij\u00edmaniu na bud\u00facu nede\u013eu. V&nbsp;tomto \u010dase budeme spoveda\u0165 aj rodi\u010dov a&nbsp;pr\u00edbuzn\u00fdch. Po sv. spovedi si deti vyzdvihn\u00fa rovno\u0161atu v&nbsp;n\u00e1ukovej miestnosti. <\/em><\/strong><\/p>\n<p style=\"text-align: justify;\"><strong><em>Na bud\u00facu nede\u013eu vo farskom kostole o&nbsp;9.00 bud\u00fa ma\u0165 prv\u00e9 sv\u00e4t\u00e9 prij\u00edmanie deti<\/em><\/strong><strong><em>&nbsp;z 5. a&nbsp;6. Z\u0160 &nbsp;a&nbsp;o&nbsp;11.00 deti zo 7. Z\u0160. Pros\u00edme, aby ste nechali priestor na t\u00fdchto sv. om\u0161iach pre deti a&nbsp;pr\u00edbuzn\u00fdch. Myslime v&nbsp;modlitb\u00e1ch na na\u0161e prvoprij\u00edmaj\u00face deti.<\/em><\/strong><\/p>\n<p style=\"text-align: justify;\">V pondelok, utorok a&nbsp;stredu tohto t\u00fd\u017ed\u0148a s\u00fa prosebn\u00e9 dni, ktor\u00fdch obsahom je modlitba za \u00farodu.<\/p>\n<p style=\"text-align: justify;\"><strong><em>Vo \u0161tvrtok je sl\u00e1vnos\u0165 Nanebovst\u00fapenia P\u00e1na, cirkevne prik\u00e1zan\u00fd sviatok. <\/em><\/strong>Sv. om\u0161e bud\u00fa ako vo sviatok, <strong><em>vo farskom kostole o&nbsp;9.00 a&nbsp;16.00, v&nbsp;kostole Notre Dame o&nbsp;7.00 a&nbsp;18.30, v&nbsp;kaplnke sv. Anny o&nbsp;8.00 a&nbsp;v&nbsp;kostole u&nbsp;piaristov o&nbsp;6.00 a&nbsp;18.00.<\/em><\/strong><\/p>\n<p style=\"text-align: justify;\">Od piatka sa budeme po sv. om\u0161iach&nbsp; modli\u0165 <strong><em>Nov\u00e9nu k&nbsp;Duchu Sv\u00e4t\u00e9mu.<\/em><\/strong><\/p>\n<p style=\"text-align: justify;\">V&nbsp;piatok o&nbsp;19.00 bude ml\u00e1de\u017en\u00edcka sv. om\u0161a v&nbsp;kostole Notre Dame. Poz\u00fdvame v\u0161etk\u00fdch mlad\u00fdch&#8230;<\/p>\n<p style=\"text-align: justify;\">Od zajtra 22.5.2017 sa v&nbsp;Diec\u00e9znej sv\u00e4tyni na Skalke sl\u00e1vi sv. om\u0161a ka\u017ed\u00fd de\u0148 o&nbsp;16.00. Na bud\u00facu sobotu bude na Skalke p\u00fa\u0165 ku Guadalupskej Panne M\u00e1rii. Program za\u010dne o&nbsp;15.00&#8230;<\/p>\n<p style=\"text-align: justify;\">Dnes je pravideln\u00e1 zbierka na opravy na\u0161ich kostolov. Za va\u0161e milodary vyslovujeme \u00faprimn\u00e9 P\u00e1n Boh zapla\u0165. Sv. om\u0161a vo farskom kostole o&nbsp;11.00 je dnes obetovan\u00e1 za v\u0161etk\u00fdch dobrodincov.<\/p>\n<p style=\"text-align: justify;\">Na bud\u00facu nede\u013eu je zbierka na katol\u00edcke masm\u00e9di\u00e1.<\/p>\n<p style=\"text-align: justify;\"><em><u>Liturgick\u00fd kalend\u00e1r:<br \/>\n<\/u><\/em>po: spomienka na sv. Ritu z Cascie, reho\u013en\u00ed\u010dku<br \/>\n\u0161t:&nbsp; sl\u00e1vnos\u0165 Nanebovst\u00fapenia P\u00e1na, prik\u00e1zan\u00fd sviatok<br \/>\npi: spomienka na sv. Filipa Neriho, k\u0148aza<\/p>\n","protected":false},"excerpt":{"rendered":"<p>Sl\u00e1vime \u0161iestu ve\u013ekono\u010dn\u00fa nede\u013eu. CPR organizuje dnes popoludn\u00ed v&nbsp;centre mesta pri Dome arm\u00e1dy druh\u00fd ro\u010dn\u00edk podujatia \u201eDe\u0148 rodiny v&nbsp;Tren\u010d\u00edne\u201c so za\u010diatkom o&nbsp;14.00. Pred ukon\u010den\u00edm podujatia zav\u00edta medzi n\u00e1s aj n\u00e1\u0161 diec\u00e9zny biskup Mons. Viliam Jud\u00e1k. Podrobn\u00fd program n\u00e1jdete na v\u00fdvesk\u00e1ch&#8230;.<\/p>\n","protected":false},"author":1,"featured_media":0,"comment_status":"closed","ping_status":"closed","sticky":false,"template":"","format":"standard","meta":{"ngg_post_thumbnail":0,"footnotes":""},"categories":[5],"tags":[18],"class_list":["post-4854","post","type-post","status-publish","format-standard","hentry","category-oznamy","tag-oznamy-2"],"_links":{"self":[{"href":"http:\/\/trencin.fara.sk\/index.php?rest_route=\/wp\/v2\/posts\/4854"}],"collection":[{"href":"http:\/\/trencin.fara.sk\/index.php?rest_route=\/wp\/v2\/posts"}],"about":[{"href":"http:\/\/trencin.fara.sk\/index.php?rest_route=\/wp\/v2\/types\/post"}],"author":[{"embeddable":true,"href":"http:\/\/trencin.fara.sk\/index.php?rest_route=\/wp\/v2\/users\/1"}],"replies":[{"embeddable":true,"href":"http:\/\/trencin.fara.sk\/index.php?rest_route=%2Fwp%2Fv2%2Fcomments&post=4854"}],"version-history":[{"count":1,"href":"http:\/\/trencin.fara.sk\/index.php?rest_route=\/wp\/v2\/posts\/4854\/revisions"}],"predecessor-version":[{"id":4855,"href":"http:\/\/trencin.fara.sk\/index.php?rest_route=\/wp\/v2\/posts\/4854\/revisions\/4855"}],"wp:attachment":[{"href":"http:\/\/trencin.fara.sk\/index.php?rest_route=%2Fwp%2Fv2%2Fmedia&parent=4854"}],"wp:term":[{"taxonomy":"category","embeddable":true,"href":"http:\/\/trencin.fara.sk\/index.php?rest_route=%2Fwp%2Fv2%2Fcategories&post=4854"},{"taxonomy":"post_tag","embeddable":true,"href":"http:\/\/trencin.fara.sk\/index.php?rest_route=%2Fwp%2Fv2%2Ftags&post=4854"}],"curies":[{"name":"wp","href":"https:\/\/api.w.org\/{rel}","templated":true}]}}