{"id":4857,"date":"2017-05-29T12:04:59","date_gmt":"2017-05-29T10:04:59","guid":{"rendered":"http:\/\/trencin.fara.sk\/?p=4857"},"modified":"2017-06-05T09:29:20","modified_gmt":"2017-06-05T07:29:20","slug":"oznamy-na-7-nedelu-v-obdobi-cez-rok-28-5-2017","status":"publish","type":"post","link":"http:\/\/trencin.fara.sk\/?p=4857","title":{"rendered":"Oznamy na 7. nede\u013eu v obdob\u00ed cez rok (28.5.2017)"},"content":{"rendered":"<p style=\"text-align: justify;\"><strong><em>Sl\u00e1vime siedmu nede\u013eu v&nbsp;obdob\u00ed cez rok.<\/em><\/strong><\/p>\n<p style=\"text-align: justify;\"><strong><em>Dnes o&nbsp;9.00 a&nbsp;o&nbsp;11.00 vo farskom kostole maj\u00fa prv\u00e9 v. prij\u00edmanie deti zo z\u00e1kladn\u00fdch \u0161k\u00f4l v&nbsp;na\u0161ej farnosti. Myslime v&nbsp;modlitb\u00e1ch na na\u0161e prvoprij\u00edmaj\u00face deti.<\/em><\/strong><\/p>\n<p style=\"text-align: justify;\">\u00daprimne \u010fakujeme za pomoc pri pr\u00edprave det\u00ed na prv\u00e9 sv. prij\u00edmanie a&nbsp;za organizovanie tejto sl\u00e1vnosti v&nbsp;na\u0161ej farnosti.<\/p>\n<p style=\"text-align: justify;\">Rovno\u0161aty m\u00f4\u017eu deti odovzda\u0165 v&nbsp;n\u00e1ukovej miestnosti dnes po sv. om\u0161i&nbsp; alebo v&nbsp;pondelok po sv. om\u0161i. Sv\u00e4t\u00e1 om\u0161a v&nbsp;pondelok o&nbsp;16.00 bude zameran\u00e1 pre prvoprij\u00edmaj\u00face deti.<\/p>\n<p style=\"text-align: justify;\"><strong><em>V&nbsp;tomto t\u00fd\u017edni m\u00e1me prv\u00fd piatok v&nbsp;mesiaci, spoved\u00e1me pribli\u017ene hodinu pred sv. om\u0161ami. V&nbsp;piatok po sv. om\u0161i vo farskom kostole bude prvopiatkov\u00e1 pobo\u017enos\u0165 pred vystavenou Sviatos\u0165ou Olt\u00e1rnou a&nbsp;po\u017eehnanie.<\/em><\/strong> Povzbudzujeme prvoprij\u00edmaj\u00face deti, aby&nbsp; za\u010dali u\u017e&nbsp; v&nbsp;tento piatok svojich <strong><em>Dev\u00e4\u0165 prv\u00fdch piatkov<\/em><\/strong>. To znamen\u00e1, \u017ee ka\u017ed\u00fd mesiac pred prv\u00fdm piatok prist\u00fapia k&nbsp;sv. spovedi a&nbsp;na prv\u00fd piatok k&nbsp;sv. prij\u00edmaniu. Dostali k&nbsp;tomu aj obr\u00e1zky, aby si to mohli zazna\u010di\u0165. P\u00e1n Je\u017ei\u0161 si ve\u013emi prial, aby sme si takto uctili jeho Srdce a&nbsp;sv. prij\u00edmanie na prv\u00e9 piatky obetovali ako od\u010dinenie hriechov a ur\u00e1\u017eok, ktor\u00fdch sa mu od n\u00e1s \u013eud\u00ed dost\u00e1va.<\/p>\n<p style=\"text-align: justify;\">V&nbsp;sobotu je prv\u00e1 sobota v&nbsp;mesiaci.&nbsp; <strong><em>V&nbsp;kostole Notre Dame budeme&nbsp; pokra\u010dova\u0165 v&nbsp;pobo\u017enosti Prv\u00fdch piatich sob\u00f4t. Pobo\u017enos\u0165 za\u010dne Za\u010dneme o&nbsp;6.15.<\/em><\/strong><\/p>\n<p style=\"text-align: justify;\"><strong><em>Na bud\u00facu nede\u013eu 4.6. od 15.00 organizuje ob\u010dianske zdru\u017eenie Pre pr\u00edrodu bohat\u00fd program pre deti pri&nbsp;pr\u00edle\u017eitosti MDD v&nbsp;Orechovom. Program bude v novom Pr\u00edrodnom parku medzi V\u00e1hom a&nbsp;Orechovsk\u00fdm potokom. Podrobnosti na v\u00fdveske.<\/em><\/strong><\/p>\n<p style=\"text-align: justify;\">Dnes je zbierka na katol\u00edcke masm\u00e9di\u00e1. Za va\u0161e milodary vyslovujeme vopred \u00faprimn\u00e9 P\u00e1n Boh zapla\u0165.<\/p>\n<p style=\"text-align: justify;\"><u>Liturgick\u00fd kalend\u00e1r:<br \/>\n<\/u>\u0161t: spomienka na sv. Just\u00edna, mu\u010den\u00edka<br \/>\nso: spomienka na Karola Lwangu a&nbsp;spolo\u010dn\u00edkov, mu\u010den\u00edkov.<\/p>\n","protected":false},"excerpt":{"rendered":"<p>Sl\u00e1vime siedmu nede\u013eu v&nbsp;obdob\u00ed cez rok. Dnes o&nbsp;9.00 a&nbsp;o&nbsp;11.00 vo farskom kostole maj\u00fa prv\u00e9 v. prij\u00edmanie deti zo z\u00e1kladn\u00fdch \u0161k\u00f4l v&nbsp;na\u0161ej farnosti. Myslime v&nbsp;modlitb\u00e1ch na na\u0161e prvoprij\u00edmaj\u00face deti. \u00daprimne \u010fakujeme za pomoc pri pr\u00edprave det\u00ed na prv\u00e9 sv. prij\u00edmanie a&nbsp;za&#8230;<\/p>\n","protected":false},"author":1,"featured_media":0,"comment_status":"closed","ping_status":"closed","sticky":false,"template":"","format":"standard","meta":{"ngg_post_thumbnail":0,"footnotes":""},"categories":[5],"tags":[18],"class_list":["post-4857","post","type-post","status-publish","format-standard","hentry","category-oznamy","tag-oznamy-2"],"_links":{"self":[{"href":"http:\/\/trencin.fara.sk\/index.php?rest_route=\/wp\/v2\/posts\/4857"}],"collection":[{"href":"http:\/\/trencin.fara.sk\/index.php?rest_route=\/wp\/v2\/posts"}],"about":[{"href":"http:\/\/trencin.fara.sk\/index.php?rest_route=\/wp\/v2\/types\/post"}],"author":[{"embeddable":true,"href":"http:\/\/trencin.fara.sk\/index.php?rest_route=\/wp\/v2\/users\/1"}],"replies":[{"embeddable":true,"href":"http:\/\/trencin.fara.sk\/index.php?rest_route=%2Fwp%2Fv2%2Fcomments&post=4857"}],"version-history":[{"count":1,"href":"http:\/\/trencin.fara.sk\/index.php?rest_route=\/wp\/v2\/posts\/4857\/revisions"}],"predecessor-version":[{"id":4858,"href":"http:\/\/trencin.fara.sk\/index.php?rest_route=\/wp\/v2\/posts\/4857\/revisions\/4858"}],"wp:attachment":[{"href":"http:\/\/trencin.fara.sk\/index.php?rest_route=%2Fwp%2Fv2%2Fmedia&parent=4857"}],"wp:term":[{"taxonomy":"category","embeddable":true,"href":"http:\/\/trencin.fara.sk\/index.php?rest_route=%2Fwp%2Fv2%2Fcategories&post=4857"},{"taxonomy":"post_tag","embeddable":true,"href":"http:\/\/trencin.fara.sk\/index.php?rest_route=%2Fwp%2Fv2%2Ftags&post=4857"}],"curies":[{"name":"wp","href":"https:\/\/api.w.org\/{rel}","templated":true}]}}