{"id":4859,"date":"2017-06-05T09:28:57","date_gmt":"2017-06-05T07:28:57","guid":{"rendered":"http:\/\/trencin.fara.sk\/?p=4859"},"modified":"2017-06-12T13:14:46","modified_gmt":"2017-06-12T11:14:46","slug":"oznamy-na-nedelu-zoslania-ducha-svateho-4-6-2017","status":"publish","type":"post","link":"http:\/\/trencin.fara.sk\/?p=4859","title":{"rendered":"Oznamy na nede\u013eu Zoslania Ducha Sv\u00e4t\u00e9ho (4.6.2017)"},"content":{"rendered":"<p style=\"text-align: justify;\"><strong><em>Sl\u00e1vime nede\u013eu Zoslania Ducha Sv\u00e4t\u00e9ho.<\/em><\/strong> Dne\u0161nou nede\u013eou sa kon\u010d\u00ed ve\u013ekono\u010dn\u00e9 obdobie, od zajtra sa budeme modli\u0165 modlitbu Anjel P\u00e1na.<\/p>\n<p style=\"text-align: justify;\">Dnes od 15.00 organizuje ob\u010dianske zdru\u017eenie Pre pr\u00edrodu program pre deti v&nbsp;novom pr\u00edrodnom parku medzi V\u00e1hom a&nbsp;Orechovsk\u00fdm&nbsp; potokom. Podrobnosti s\u00fa na v\u00fdveske.<\/p>\n<p style=\"text-align: justify;\"><strong><em>Vo \u0161tvrtok m\u00e1me k\u0148azsk\u00fa rekolekciu v&nbsp;Diec\u00e9znej sv\u00e4tyni na Skalke<\/em><\/strong>. O&nbsp;9.30 bude ador\u00e1cia pred Sviatos\u0165ou Olt\u00e1rnou, rekolek\u010dn\u00e1 sv. om\u0161a za\u010dne o&nbsp;10.00. Z&nbsp;d\u00f4vodu rekolekcie bude sv. om\u0161a v&nbsp;kaplnke sv. Anny u\u017e o&nbsp;8.00.<\/p>\n<p style=\"text-align: justify;\"><strong><em>P\u00fatnick\u00e9 miesto Skalka poz\u00fdva v&nbsp;piatok v&nbsp;r\u00e1mci projektu Noc kostolov do kl\u00e1\u0161tora&nbsp; na Ve\u013ekej Skalke a&nbsp;v&nbsp;sobotu do Diec\u00e9znej sv\u00e4tyne na Ve\u010der milosrdenstva a&nbsp;celono\u010dn\u00fa ador\u00e1ciu.<\/em><\/strong> Podrobnosti s\u00fa na v\u00fdvesk\u00e1ch.<\/p>\n<p style=\"text-align: justify;\"><em><u>Liturgick\u00fd kalend\u00e1r:<br \/>\n<\/u><\/em>po: sv\u00e4todu\u0161n\u00fd pondelok<br \/>\n\u0161t: sviatok n\u00e1\u0161ho P\u00e1na Je\u017ei\u0161a Krista, Najvy\u0161\u0161ieho a&nbsp;ve\u010dn\u00e9ho K\u0148aza<\/p>\n","protected":false},"excerpt":{"rendered":"<p>Sl\u00e1vime nede\u013eu Zoslania Ducha Sv\u00e4t\u00e9ho. Dne\u0161nou nede\u013eou sa kon\u010d\u00ed ve\u013ekono\u010dn\u00e9 obdobie, od zajtra sa budeme modli\u0165 modlitbu Anjel P\u00e1na. Dnes od 15.00 organizuje ob\u010dianske zdru\u017eenie Pre pr\u00edrodu program pre deti v&nbsp;novom pr\u00edrodnom parku medzi V\u00e1hom a&nbsp;Orechovsk\u00fdm&nbsp; potokom. Podrobnosti s\u00fa na&#8230;<\/p>\n","protected":false},"author":1,"featured_media":0,"comment_status":"closed","ping_status":"closed","sticky":false,"template":"","format":"standard","meta":{"ngg_post_thumbnail":0,"footnotes":""},"categories":[5],"tags":[18],"class_list":["post-4859","post","type-post","status-publish","format-standard","hentry","category-oznamy","tag-oznamy-2"],"_links":{"self":[{"href":"http:\/\/trencin.fara.sk\/index.php?rest_route=\/wp\/v2\/posts\/4859"}],"collection":[{"href":"http:\/\/trencin.fara.sk\/index.php?rest_route=\/wp\/v2\/posts"}],"about":[{"href":"http:\/\/trencin.fara.sk\/index.php?rest_route=\/wp\/v2\/types\/post"}],"author":[{"embeddable":true,"href":"http:\/\/trencin.fara.sk\/index.php?rest_route=\/wp\/v2\/users\/1"}],"replies":[{"embeddable":true,"href":"http:\/\/trencin.fara.sk\/index.php?rest_route=%2Fwp%2Fv2%2Fcomments&post=4859"}],"version-history":[{"count":1,"href":"http:\/\/trencin.fara.sk\/index.php?rest_route=\/wp\/v2\/posts\/4859\/revisions"}],"predecessor-version":[{"id":4860,"href":"http:\/\/trencin.fara.sk\/index.php?rest_route=\/wp\/v2\/posts\/4859\/revisions\/4860"}],"wp:attachment":[{"href":"http:\/\/trencin.fara.sk\/index.php?rest_route=%2Fwp%2Fv2%2Fmedia&parent=4859"}],"wp:term":[{"taxonomy":"category","embeddable":true,"href":"http:\/\/trencin.fara.sk\/index.php?rest_route=%2Fwp%2Fv2%2Fcategories&post=4859"},{"taxonomy":"post_tag","embeddable":true,"href":"http:\/\/trencin.fara.sk\/index.php?rest_route=%2Fwp%2Fv2%2Ftags&post=4859"}],"curies":[{"name":"wp","href":"https:\/\/api.w.org\/{rel}","templated":true}]}}