{"id":4862,"date":"2017-06-12T13:14:14","date_gmt":"2017-06-12T11:14:14","guid":{"rendered":"http:\/\/trencin.fara.sk\/?p=4862"},"modified":"2017-06-17T22:07:01","modified_gmt":"2017-06-17T20:07:01","slug":"oznamy-na-nedelu-najsvatejsej-trojice-11-6-2017","status":"publish","type":"post","link":"http:\/\/trencin.fara.sk\/?p=4862","title":{"rendered":"Oznamy na nede\u013eu Najsv\u00e4tej\u0161ej Trojice (11. 6. 2017)"},"content":{"rendered":"<p style=\"text-align: justify;\"><strong><em>Sl\u00e1vime nede\u013eu Najsv\u00e4tej\u0161ej Trojice. <\/em><\/strong>Pravideln\u00e9 tvoriv\u00e9 stretnutie det\u00ed v&nbsp;cirkevnej \u0161kole o&nbsp;15.30 dnes nebude, bude na bud\u00facu nede\u013eu.<\/p>\n<p style=\"text-align: justify;\">CPR poz\u00fdva dnes o&nbsp;16.00 rodiny s&nbsp;de\u0165mi na marionetov\u00e9 predstavenie \u201ePoprepletko\u201c. Predstavenie sa uskuto\u010dn\u00ed v&nbsp;z\u00e1hrade CPR na Farskej 12. Podrobnosti s\u00fa na v\u00fdvesk\u00e1ch.<\/p>\n<p style=\"text-align: justify;\"><strong><em>Vo \u0161tvrtok je cirkevne prik\u00e1zan\u00fd sviatok Najsv\u00e4tej\u0161ieho Kristovho Tela a&nbsp;Krvi. <\/em><\/strong>Sv\u00e4t\u00e9 om\u0161e bud\u00fa vo farskom kostole o&nbsp;9.00 a&nbsp;16.00, v&nbsp;kostole Notre Dame o&nbsp;7.00 a&nbsp;18.30, v&nbsp;kaplnke sv. Anny o&nbsp;8.00 a&nbsp;u&nbsp;Piaristov o&nbsp;6.00 a&nbsp;18.00. <strong><em>Po sv. om\u0161i o&nbsp;16.00 bude procesia okolo farsk\u00e9ho kostola. Pros\u00edme deti, aby si priniesli lupienky kvetov, ktor\u00e9 bud\u00fa sypa\u0165 pred Najsv\u00e4tej\u0161ou Sviatos\u0165ou.<\/em><\/strong><\/p>\n<p style=\"text-align: justify;\"><strong><em>D\u0148a 30. j\u00fana a&nbsp;1. j\u00fala&nbsp; organizujeme pre mini\u0161trantov &nbsp;tradi\u010dn\u00fd v\u00fdlet. <\/em><\/strong>Chlapci mini\u0161tranti bud\u00fa ma\u0165 tento v\u00fdlet ako odmenu za celoro\u010dn\u00fa mini\u0161trantsk\u00fa slu\u017ebu. Prihlasujte sa. <strong><em>Odch\u00e1dzame v&nbsp;piatok o&nbsp;12.00 z&nbsp;autobusovej stanice. Treba si zobra\u0165 karimatku, spac\u00e1k, turistick\u00e9 oble\u010denie, pr\u0161ipl\u00e1\u0161\u0165 na odpla\u0161enie da\u017e\u010fa, plavky a&nbsp;tro\u0161ku jedla. Kto m\u00e1 stan, nahl\u00e1ste to v&nbsp;sakristii. <\/em><\/strong><\/p>\n<p style=\"text-align: justify;\">V&nbsp;piatok a&nbsp;v&nbsp;sobotu bud\u00fa v&nbsp;Nitre vysv\u00e4ten\u00ed nov\u00ed diakoni a&nbsp;k\u0148azi. Myslime na nich vo svojich modlitb\u00e1ch.<\/p>\n<p style=\"text-align: justify;\"><strong><em>Na bud\u00facu nede\u013eu je De\u0148 otcov. Otcovia m\u00f4\u017eu tento de\u0148 osl\u00e1vi\u0165 so svojimi synmi aj t\u00fdm, \u017ee bud\u00fa spolu pri sv. om\u0161iach mini\u0161trova\u0165&#8230;<\/em><\/strong> Povzbudzujeme v\u00e1s k&nbsp;tomu&#8230;<\/p>\n<p style=\"text-align: justify;\"><strong><em>Na bud\u00facu nede\u013eu bude pravideln\u00e1 zbierka na opravy a \u00fadr\u017ebu na\u0161ich kostolov a&nbsp;farsk\u00fdch budov. V&nbsp;tomto roku chceme mimo in\u00e9ho vymeni\u0165 okn\u00e1 na farskej budove a&nbsp;opravi\u0165 kom\u00edn, ktor\u00fd je v&nbsp;havarijnom stave. <\/em><\/strong>Za va\u0161e milodary vyslovujeme vopred \u00faprimn\u00e9 P\u00e1n Boh zapla\u0165. Sv. om\u0161a vo farskom kostole o&nbsp;9.00 na bud\u00facu nede\u013eu bude obetovan\u00e1 za v\u0161etk\u00fdch dobrodincov.<\/p>\n<p style=\"text-align: justify;\"><em><u>Liturgick\u00fd kalend\u00e1r:<br \/>\n<\/u><\/em>ut: spomienka na sv. Antona Padu\u00e1nskeho, k\u0148aza a&nbsp;u\u010d. Cirkvi<br \/>\n\u0161t: sl\u00e1vnos\u0165 Najsv\u00e4tej\u0161ieho Kristovho Tela a&nbsp;Krvi, prik\u00e1zan\u00fd sviatok<\/p>\n","protected":false},"excerpt":{"rendered":"<p>Sl\u00e1vime nede\u013eu Najsv\u00e4tej\u0161ej Trojice. Pravideln\u00e9 tvoriv\u00e9 stretnutie det\u00ed v&nbsp;cirkevnej \u0161kole o&nbsp;15.30 dnes nebude, bude na bud\u00facu nede\u013eu. CPR poz\u00fdva dnes o&nbsp;16.00 rodiny s&nbsp;de\u0165mi na marionetov\u00e9 predstavenie \u201ePoprepletko\u201c. Predstavenie sa uskuto\u010dn\u00ed v&nbsp;z\u00e1hrade CPR na Farskej 12. Podrobnosti s\u00fa na v\u00fdvesk\u00e1ch. Vo&#8230;<\/p>\n","protected":false},"author":1,"featured_media":0,"comment_status":"closed","ping_status":"closed","sticky":false,"template":"","format":"standard","meta":{"ngg_post_thumbnail":0,"footnotes":""},"categories":[5],"tags":[18],"class_list":["post-4862","post","type-post","status-publish","format-standard","hentry","category-oznamy","tag-oznamy-2"],"_links":{"self":[{"href":"http:\/\/trencin.fara.sk\/index.php?rest_route=\/wp\/v2\/posts\/4862"}],"collection":[{"href":"http:\/\/trencin.fara.sk\/index.php?rest_route=\/wp\/v2\/posts"}],"about":[{"href":"http:\/\/trencin.fara.sk\/index.php?rest_route=\/wp\/v2\/types\/post"}],"author":[{"embeddable":true,"href":"http:\/\/trencin.fara.sk\/index.php?rest_route=\/wp\/v2\/users\/1"}],"replies":[{"embeddable":true,"href":"http:\/\/trencin.fara.sk\/index.php?rest_route=%2Fwp%2Fv2%2Fcomments&post=4862"}],"version-history":[{"count":1,"href":"http:\/\/trencin.fara.sk\/index.php?rest_route=\/wp\/v2\/posts\/4862\/revisions"}],"predecessor-version":[{"id":4863,"href":"http:\/\/trencin.fara.sk\/index.php?rest_route=\/wp\/v2\/posts\/4862\/revisions\/4863"}],"wp:attachment":[{"href":"http:\/\/trencin.fara.sk\/index.php?rest_route=%2Fwp%2Fv2%2Fmedia&parent=4862"}],"wp:term":[{"taxonomy":"category","embeddable":true,"href":"http:\/\/trencin.fara.sk\/index.php?rest_route=%2Fwp%2Fv2%2Fcategories&post=4862"},{"taxonomy":"post_tag","embeddable":true,"href":"http:\/\/trencin.fara.sk\/index.php?rest_route=%2Fwp%2Fv2%2Ftags&post=4862"}],"curies":[{"name":"wp","href":"https:\/\/api.w.org\/{rel}","templated":true}]}}