{"id":4864,"date":"2017-06-17T22:06:41","date_gmt":"2017-06-17T20:06:41","guid":{"rendered":"http:\/\/trencin.fara.sk\/?p=4864"},"modified":"2017-06-25T22:02:26","modified_gmt":"2017-06-25T20:02:26","slug":"oznamy-na-11-nedelu-v-obdobi-cez-rok-18-6-2017","status":"publish","type":"post","link":"http:\/\/trencin.fara.sk\/?p=4864","title":{"rendered":"Oznamy na 11. nede\u013eu v obdob\u00ed cez rok (18.6.2017)"},"content":{"rendered":"<p style=\"text-align: justify;\">Sl\u00e1vime jeden\u00e1stu nede\u013eu v&nbsp;obdob\u00ed cez rok.<strong><em> Dnes popoludn\u00ed o&nbsp;14.00 bude v&nbsp;kostole sv. Rodiny na Juhu sl\u00e1vi\u0165 primi\u010dn\u00fa sv. om\u0161u novok\u0148az Jozef \u0160rank. <\/em><\/strong>Myslime na n\u00e1\u0161ho rod\u00e1ka&nbsp; vo svojich modlitb\u00e1ch\u2026<\/p>\n<p style=\"text-align: justify;\">Dnes o&nbsp;15.30 bude v&nbsp;cirkevnej \u0161kole pravideln\u00e9 tvoriv\u00e9 stretnutie det\u00ed, srde\u010dne poz\u00fdvame \u2026<\/p>\n<p style=\"text-align: justify;\"><strong><em>V&nbsp;piatok je sl\u00e1vnos\u0165 Najsv\u00e4tej\u0161ieho Srdca Je\u017ei\u0161ovho<\/em><\/strong>. Po v\u0161etk\u00fdch sv. om\u0161iach bude odprosuj\u00faca modlitba. V&nbsp;tento de\u0148 mo\u017eno z\u00edska\u0165 \u00fapln\u00e9 odpustky. <strong><em>Sv. om\u0161u o&nbsp;16.00 bude vo farskom kostole sl\u00e1vi\u0165 novok\u0148az Jozef \u0160rank. <\/em><\/strong><\/p>\n<p style=\"text-align: justify;\"><strong><em>D\u0148a 30. j\u00fana a&nbsp;1. j\u00fala&nbsp; organizujeme pre mini\u0161trantov&nbsp; tradi\u010dn\u00fd v\u00fdlet. <\/em><\/strong>Chlapci mini\u0161tranti bud\u00fa ma\u0165 tento v\u00fdlet ako odmenu za celoro\u010dn\u00fa mini\u0161trantsk\u00fa slu\u017ebu. Prihlasujte sa. <strong><em>Odch\u00e1dzame v&nbsp;piatok o&nbsp;12.00 z&nbsp;autobusovej stanice. Treba si zobra\u0165 karimatku, spac\u00e1k, turistick\u00e9 oble\u010denie, pr\u0161ipl\u00e1\u0161\u0165 na odpla\u0161enie da\u017e\u010fa, plavky a&nbsp;tro\u0161ku jedla. Kto m\u00e1 stan, nahl\u00e1ste to v&nbsp;sakristii. <\/em><\/strong><\/p>\n<p style=\"text-align: justify;\"><strong><em>Dnes je De\u0148 otcov. Otcovia m\u00f4\u017eu tento de\u0148 osl\u00e1vi\u0165 so svojimi synmi aj t\u00fdm, \u017ee bud\u00fa spolu pri sv. om\u0161iach mini\u0161trova\u0165&#8230;<\/em><\/strong> Povzbudzujeme v\u00e1s k&nbsp;tomu&#8230;<\/p>\n<p style=\"text-align: justify;\"><strong><em>Dnes je &nbsp;pravideln\u00e1 zbierka na opravy a \u00fadr\u017ebu na\u0161ich kostolov a&nbsp;farsk\u00fdch budov. V&nbsp;tomto roku chceme mimo in\u00e9ho vymeni\u0165 okn\u00e1 na farskej budove a&nbsp;opravi\u0165 kom\u00edn, ktor\u00fd je v&nbsp;havarijnom stave, dokon\u010denie re\u0161taurovania port\u00e1lov na farskom kostole. <\/em><\/strong>Za va\u0161e milodary vyslovujeme vopred \u00faprimn\u00e9 P\u00e1n Boh zapla\u0165. Sv. om\u0161a vo farskom kostole o&nbsp;9.00 je dnes obetovan\u00e1 za v\u0161etk\u00fdch dobrodincov.<\/p>\n<p style=\"text-align: justify;\"><em><u>Liturgick\u00fd kalend\u00e1r:<br \/>\n<\/u><\/em>st: spomienka na sv. Alojza Gonz\u00e1gu, reho\u013en\u00edka<br \/>\npi: sl\u00e1vnos\u0165 Najsv\u00e4tej\u0161ieho Srdca Je\u017ei\u0161ovho<br \/>\nso: sl\u00e1vnos\u0165 Narodenia sv. J\u00e1na Krstite\u013ea<\/p>\n","protected":false},"excerpt":{"rendered":"<p>Sl\u00e1vime jeden\u00e1stu nede\u013eu v&nbsp;obdob\u00ed cez rok. Dnes popoludn\u00ed o&nbsp;14.00 bude v&nbsp;kostole sv. Rodiny na Juhu sl\u00e1vi\u0165 primi\u010dn\u00fa sv. om\u0161u novok\u0148az Jozef \u0160rank. Myslime na n\u00e1\u0161ho rod\u00e1ka&nbsp; vo svojich modlitb\u00e1ch\u2026 Dnes o&nbsp;15.30 bude v&nbsp;cirkevnej \u0161kole pravideln\u00e9 tvoriv\u00e9 stretnutie det\u00ed, srde\u010dne poz\u00fdvame&#8230;<\/p>\n","protected":false},"author":1,"featured_media":0,"comment_status":"closed","ping_status":"closed","sticky":false,"template":"","format":"standard","meta":{"ngg_post_thumbnail":0,"footnotes":""},"categories":[5],"tags":[18],"class_list":["post-4864","post","type-post","status-publish","format-standard","hentry","category-oznamy","tag-oznamy-2"],"_links":{"self":[{"href":"http:\/\/trencin.fara.sk\/index.php?rest_route=\/wp\/v2\/posts\/4864"}],"collection":[{"href":"http:\/\/trencin.fara.sk\/index.php?rest_route=\/wp\/v2\/posts"}],"about":[{"href":"http:\/\/trencin.fara.sk\/index.php?rest_route=\/wp\/v2\/types\/post"}],"author":[{"embeddable":true,"href":"http:\/\/trencin.fara.sk\/index.php?rest_route=\/wp\/v2\/users\/1"}],"replies":[{"embeddable":true,"href":"http:\/\/trencin.fara.sk\/index.php?rest_route=%2Fwp%2Fv2%2Fcomments&post=4864"}],"version-history":[{"count":1,"href":"http:\/\/trencin.fara.sk\/index.php?rest_route=\/wp\/v2\/posts\/4864\/revisions"}],"predecessor-version":[{"id":4865,"href":"http:\/\/trencin.fara.sk\/index.php?rest_route=\/wp\/v2\/posts\/4864\/revisions\/4865"}],"wp:attachment":[{"href":"http:\/\/trencin.fara.sk\/index.php?rest_route=%2Fwp%2Fv2%2Fmedia&parent=4864"}],"wp:term":[{"taxonomy":"category","embeddable":true,"href":"http:\/\/trencin.fara.sk\/index.php?rest_route=%2Fwp%2Fv2%2Fcategories&post=4864"},{"taxonomy":"post_tag","embeddable":true,"href":"http:\/\/trencin.fara.sk\/index.php?rest_route=%2Fwp%2Fv2%2Ftags&post=4864"}],"curies":[{"name":"wp","href":"https:\/\/api.w.org\/{rel}","templated":true}]}}