{"id":4867,"date":"2017-06-25T21:57:13","date_gmt":"2017-06-25T19:57:13","guid":{"rendered":"http:\/\/trencin.fara.sk\/?p=4867"},"modified":"2017-07-03T10:55:33","modified_gmt":"2017-07-03T08:55:33","slug":"oznamy-na-12-nedelu-v-obdobi-cez-rok-25-6-2017","status":"publish","type":"post","link":"http:\/\/trencin.fara.sk\/?p=4867","title":{"rendered":"Oznamy na 12. nede\u013eu v obdob\u00ed cez rok (25.6.2017)"},"content":{"rendered":"<p style=\"text-align: justify;\"><strong><em>Sl\u00e1vime dvan\u00e1stu nede\u013eu v&nbsp;obdob\u00ed cez rok.<\/em><\/strong><\/p>\n<p style=\"text-align: justify;\"><strong><em>Vo \u0161tvrtok je sl\u00e1vnos\u0165 sv. Petra a&nbsp;Pavla, cirkevne prik\u00e1zan\u00fd sviatok.<\/em><\/strong> Sv. om\u0161e bud\u00fa nasledovne: vo farskom kostole o&nbsp;9.00 a&nbsp;16.00, v&nbsp;kostole Notre Dame o&nbsp;7.00 a&nbsp;18.30, v&nbsp;kaplnke sv. Anny o&nbsp;8.00 a&nbsp;v&nbsp;kostole u&nbsp;piaristov o&nbsp;6.00 a&nbsp;18.00. <strong><em>Vo \u0161tvrtok na sviatok sv. Petra a&nbsp;Pavla je zbierka na dobro\u010dinn\u00e9 diela Sv\u00e4t\u00e9ho Otca \/tzv. halier sv. Petra\/. Za va\u0161e milodary vyslovujeme vopred \u00faprimn\u00e9 P\u00e1n Boh zapla\u0165.<\/em><\/strong><\/p>\n<p style=\"text-align: justify;\"><strong><em>29.6. o 19.30 sa uskuto\u010dn\u00ed v&nbsp;\u00e1triu piaristick\u00e9ho kl\u00e1\u0161tora z\u00e1vere\u010dn\u00fd koncert spev\u00e1ckeho zboru Piarissimo a&nbsp;Komorn\u00e9ho orchestra ZU\u0160. Vstup je cez kaviare\u0148 Al\u017ebetka.<\/em><\/strong><\/p>\n<p style=\"text-align: justify;\"><strong><em>V piatok &nbsp;je koniec \u0161kolsk\u00e9ho roku, deti a&nbsp;ml\u00e1de\u017e, pr\u00ed\u010fte sa po\u010fakova\u0165 P\u00e1nu Bohu za<\/em><\/strong> <strong><em>pomoc a&nbsp;ochranu<\/em><\/strong>. \u017diaci zo ZC\u0160 a&nbsp;PaSA bud\u00fa ma\u0165 v piatok sv. om\u0161u o&nbsp;8.30 v&nbsp;kostole Notre Dame.<\/p>\n<p style=\"text-align: justify;\"><strong><em>V&nbsp;piatok o 12.00 odch\u00e1dzame z&nbsp;autobusovej stanice&nbsp; s&nbsp;mini\u0161trantmi na tradi\u010dn\u00fd v\u00fdlet<\/em><\/strong>. Treba si zobra\u0165 karimatku, spac\u00e1k, turistick\u00e9 oble\u010denie, pr\u0161ipl\u00e1\u0161\u0165 na odpla\u0161enie da\u017e\u010fa, plavky a&nbsp;tro\u0161ka jedla a&nbsp;kto m\u00e1 aj stan. V&nbsp;piatok sa p\u00f4jdeme ok\u00fapa\u0165 do Rajca, v&nbsp;sobotu&nbsp; bude turistika. <strong><em>M\u00f4\u017eu sa prihl\u00e1si\u0165 aj ml\u00e1de\u017en\u00edci, ktor\u00ed n\u00e1m pom\u00e1haj\u00fa pri r\u00f4znych aktivit\u00e1ch&#8230; <\/em><\/strong><\/p>\n<p style=\"text-align: justify;\">V&nbsp;sobotu je prv\u00e1 sobota v&nbsp;mesiaci, <strong><em>v&nbsp;kostole Notre Dame budeme pokra\u010dova\u0165 v&nbsp;pobo\u017enosti Prv\u00fdch piatich sob\u00f4t. Pobo\u017enos\u0165 za\u010dne o&nbsp;6.15.<\/em><\/strong><\/p>\n<p style=\"text-align: justify;\"><strong><em>Cez letn\u00e9 pr\u00e1zdniny od 3.7.&nbsp; ve\u010dern\u00e9 sv. om\u0161e o&nbsp;17.00 v&nbsp;kostole Notre Dame nebud\u00fa. Nede\u013en\u00e1 sv. om\u0161a o&nbsp;18.30 v&nbsp;Notre Dame je po cel\u00fd rok<\/em><\/strong>.<\/p>\n<p style=\"text-align: justify;\">5. j\u00fala organizujeme autobus do Nitry na oslavy sv. Cyrila a&nbsp;Metoda, ako n\u00e1s k&nbsp;tomu povzbudili v&nbsp;pastierskom liste na\u0161i otcovia biskupi. Hlavn\u00fdm celebrantom je Mons. D\u00e1vid Bartimej Tencer, reykjavick\u00fd diec\u00e9zny biskup. Prihlasova\u0165 sa m\u00f4\u017eete v&nbsp;sakristi\u00e1ch alebo na fare&#8230; Odchod autobusu bude o&nbsp;7.45 z&nbsp;autobusovej stanice.<\/p>\n<p style=\"text-align: justify;\"><em><u>Liturgick\u00fd kalend\u00e1r:<br \/>\n<\/u><\/em>ut: spomienka na sv. Ladislava<br \/>\nst: spomienka na sv. Ireneja, biskupa a&nbsp;mu\u010d.<br \/>\n\u0161t. sl\u00e1vnos\u0165 sv. Petra a&nbsp;Pavla, apo\u0161tolov, prik\u00e1zan\u00fd sviatok<\/p>\n","protected":false},"excerpt":{"rendered":"<p>Sl\u00e1vime dvan\u00e1stu nede\u013eu v&nbsp;obdob\u00ed cez rok. Vo \u0161tvrtok je sl\u00e1vnos\u0165 sv. Petra a&nbsp;Pavla, cirkevne prik\u00e1zan\u00fd sviatok. Sv. om\u0161e bud\u00fa nasledovne: vo farskom kostole o&nbsp;9.00 a&nbsp;16.00, v&nbsp;kostole Notre Dame o&nbsp;7.00 a&nbsp;18.30, v&nbsp;kaplnke sv. Anny o&nbsp;8.00 a&nbsp;v&nbsp;kostole u&nbsp;piaristov o&nbsp;6.00 a&nbsp;18.00. Vo \u0161tvrtok&#8230;<\/p>\n","protected":false},"author":1,"featured_media":0,"comment_status":"closed","ping_status":"closed","sticky":false,"template":"","format":"standard","meta":{"ngg_post_thumbnail":0,"footnotes":""},"categories":[5],"tags":[18],"class_list":["post-4867","post","type-post","status-publish","format-standard","hentry","category-oznamy","tag-oznamy-2"],"_links":{"self":[{"href":"http:\/\/trencin.fara.sk\/index.php?rest_route=\/wp\/v2\/posts\/4867"}],"collection":[{"href":"http:\/\/trencin.fara.sk\/index.php?rest_route=\/wp\/v2\/posts"}],"about":[{"href":"http:\/\/trencin.fara.sk\/index.php?rest_route=\/wp\/v2\/types\/post"}],"author":[{"embeddable":true,"href":"http:\/\/trencin.fara.sk\/index.php?rest_route=\/wp\/v2\/users\/1"}],"replies":[{"embeddable":true,"href":"http:\/\/trencin.fara.sk\/index.php?rest_route=%2Fwp%2Fv2%2Fcomments&post=4867"}],"version-history":[{"count":1,"href":"http:\/\/trencin.fara.sk\/index.php?rest_route=\/wp\/v2\/posts\/4867\/revisions"}],"predecessor-version":[{"id":4868,"href":"http:\/\/trencin.fara.sk\/index.php?rest_route=\/wp\/v2\/posts\/4867\/revisions\/4868"}],"wp:attachment":[{"href":"http:\/\/trencin.fara.sk\/index.php?rest_route=%2Fwp%2Fv2%2Fmedia&parent=4867"}],"wp:term":[{"taxonomy":"category","embeddable":true,"href":"http:\/\/trencin.fara.sk\/index.php?rest_route=%2Fwp%2Fv2%2Fcategories&post=4867"},{"taxonomy":"post_tag","embeddable":true,"href":"http:\/\/trencin.fara.sk\/index.php?rest_route=%2Fwp%2Fv2%2Ftags&post=4867"}],"curies":[{"name":"wp","href":"https:\/\/api.w.org\/{rel}","templated":true}]}}