{"id":4870,"date":"2017-07-03T10:55:01","date_gmt":"2017-07-03T08:55:01","guid":{"rendered":"http:\/\/trencin.fara.sk\/?p=4870"},"modified":"2017-07-14T14:33:38","modified_gmt":"2017-07-14T12:33:38","slug":"oznamy-na-13-nedelu-v-obdobi-cez-rok-2-7-2017","status":"publish","type":"post","link":"http:\/\/trencin.fara.sk\/?p=4870","title":{"rendered":"Oznamy na 13. nede\u013eu v obdob\u00ed cez rok (2.7.2017)"},"content":{"rendered":"<p style=\"text-align: justify;\">Sl\u00e1vime trin\u00e1stu nede\u013eu cez rok. Dnes je prv\u00e1 nede\u013ea v&nbsp;mesiaci, preto v&nbsp;kaplnke sv. Anny bude celodenn\u00e1 poklona pred vystavenou Sviatos\u0165ou Olt\u00e1rnou. Poklona za\u010dne po sv. om\u0161i a&nbsp;skon\u010d\u00ed z\u00e1vere\u010dn\u00fdm po\u017eehnan\u00edm o&nbsp;17.30.<\/p>\n<p style=\"text-align: justify;\">V&nbsp;tomto t\u00fd\u017edni m\u00e1me prv\u00fd piatok v&nbsp;mesiaci, spoved\u00e1me pribli\u017ene hodinu pred sv. om\u0161ami. V&nbsp;piatok po sv. om\u0161i vo farskom kostole bude prvopiatkov\u00e1 pobo\u017enos\u0165 pred vystavenou Sviatos\u0165ou Olt\u00e1rnou a&nbsp;po\u017eehnanie.<\/p>\n<p style=\"text-align: justify;\"><strong><em>Cez letn\u00e9 pr\u00e1zdniny od 3.7., teda od zajtra, ve\u010dern\u00e9 sv. om\u0161e o&nbsp;17.00 v&nbsp;kostole Notre Dame nebud\u00fa. Nede\u013en\u00e1 sv. om\u0161a o&nbsp;18.30 v&nbsp;Notre Dame je po cel\u00fd rok.<\/em><\/strong><\/p>\n<p style=\"text-align: justify;\"><strong><em>V stredu je sl\u00e1vnos\u0165 sv. Cyrila a&nbsp;Metoda, slovansk\u00fdch vierozvestov. <\/em><\/strong>Sv. om\u0161e bud\u00fa ako v&nbsp;nede\u013eu.&nbsp; <strong><em>Na p\u00fa\u0165 do Nitry odch\u00e1dzame v&nbsp;stredu o&nbsp;7.45 z&nbsp;autobusovej stanice. Autobus je u\u017e naplnen\u00fd.Pros\u00edme v\u0161etk\u00fdch prihl\u00e1sen\u00fdch o&nbsp;dochv\u00ed\u013enos\u0165. <\/em><\/strong><\/p>\n<p style=\"text-align: justify;\">Na bud\u00facu nede\u013eu o&nbsp;9.00 vo farskom kostole bude sl\u00e1vi\u0165 sv. om\u0161u n\u00e1\u0161 b\u00fdval\u00fd diakon J\u00e1n Koll\u00e1rik, ktor\u00fd je teraz kapl\u00e1nom vo farnosti Tren\u010d\u00edn \u2013 Juh.<\/p>\n<p style=\"text-align: justify;\"><strong><em>Z&nbsp;mestsk\u00e9ho \u00faradu n\u00e1s poprosili, aby sme upozornili veriacich na nedovolen\u00e9 &nbsp;parkovanie na chodn\u00edku na Palack\u00e9ho ulici &nbsp;pred Piaristick\u00fdm gymn\u00e1ziom<\/em><\/strong>, ku ktor\u00e9mu doch\u00e1dza pri nede\u013en\u00fdch bohoslu\u017eb\u00e1ch. Treba vyu\u017ei\u0165 in\u00e9 miesta na ostatn\u00fdch parkovac\u00edch ploch\u00e1ch (pri evanjelickom kostole alebo pri \u0161tatistickom \u00farade ).<\/p>\n<p style=\"text-align: justify;\"><em><u>Liturgick\u00fd kalend\u00e1r<\/u><\/em><u>:<br \/>\n<\/u><span style=\"line-height: inherit;\">po: sviatok sv. Tom\u00e1\u0161a, apo\u0161tola<br \/>\n<\/span><span style=\"line-height: inherit;\">st: sl\u00e1vnos\u0165 sv. Cyrila a&nbsp;Metoda, slovansk\u00fdch vierozvestov, zasv\u00e4tenie n\u00e1\u0161ho n\u00e1roda<br \/>\n<\/span><span style=\"line-height: inherit;\">\u0161t: spomienka na sv. M\u00e1riu Goretti, pannu a mu\u010denicu<\/span><\/p>\n","protected":false},"excerpt":{"rendered":"<p>Sl\u00e1vime trin\u00e1stu nede\u013eu cez rok. Dnes je prv\u00e1 nede\u013ea v&nbsp;mesiaci, preto v&nbsp;kaplnke sv. Anny bude celodenn\u00e1 poklona pred vystavenou Sviatos\u0165ou Olt\u00e1rnou. Poklona za\u010dne po sv. om\u0161i a&nbsp;skon\u010d\u00ed z\u00e1vere\u010dn\u00fdm po\u017eehnan\u00edm o&nbsp;17.30. V&nbsp;tomto t\u00fd\u017edni m\u00e1me prv\u00fd piatok v&nbsp;mesiaci, spoved\u00e1me pribli\u017ene hodinu pred&#8230;<\/p>\n","protected":false},"author":1,"featured_media":0,"comment_status":"closed","ping_status":"closed","sticky":false,"template":"","format":"standard","meta":{"ngg_post_thumbnail":0,"footnotes":""},"categories":[5],"tags":[18],"class_list":["post-4870","post","type-post","status-publish","format-standard","hentry","category-oznamy","tag-oznamy-2"],"_links":{"self":[{"href":"http:\/\/trencin.fara.sk\/index.php?rest_route=\/wp\/v2\/posts\/4870"}],"collection":[{"href":"http:\/\/trencin.fara.sk\/index.php?rest_route=\/wp\/v2\/posts"}],"about":[{"href":"http:\/\/trencin.fara.sk\/index.php?rest_route=\/wp\/v2\/types\/post"}],"author":[{"embeddable":true,"href":"http:\/\/trencin.fara.sk\/index.php?rest_route=\/wp\/v2\/users\/1"}],"replies":[{"embeddable":true,"href":"http:\/\/trencin.fara.sk\/index.php?rest_route=%2Fwp%2Fv2%2Fcomments&post=4870"}],"version-history":[{"count":1,"href":"http:\/\/trencin.fara.sk\/index.php?rest_route=\/wp\/v2\/posts\/4870\/revisions"}],"predecessor-version":[{"id":4871,"href":"http:\/\/trencin.fara.sk\/index.php?rest_route=\/wp\/v2\/posts\/4870\/revisions\/4871"}],"wp:attachment":[{"href":"http:\/\/trencin.fara.sk\/index.php?rest_route=%2Fwp%2Fv2%2Fmedia&parent=4870"}],"wp:term":[{"taxonomy":"category","embeddable":true,"href":"http:\/\/trencin.fara.sk\/index.php?rest_route=%2Fwp%2Fv2%2Fcategories&post=4870"},{"taxonomy":"post_tag","embeddable":true,"href":"http:\/\/trencin.fara.sk\/index.php?rest_route=%2Fwp%2Fv2%2Ftags&post=4870"}],"curies":[{"name":"wp","href":"https:\/\/api.w.org\/{rel}","templated":true}]}}