{"id":11154,"date":"2026-08-31T11:30:18","date_gmt":"2026-08-31T09:30:18","guid":{"rendered":"https:\/\/trencin.fara.sk\/?p=11154"},"modified":"2026-08-31T11:30:19","modified_gmt":"2026-08-31T09:30:19","slug":"farske-oznamy-22-nedela-cez-rok-31-08-06-09-2026","status":"publish","type":"post","link":"https:\/\/trencin.fara.sk\/?p=11154","title":{"rendered":"FARSK\u00c9\u00a0 OZNAMY: 22. nede\u013ea \u201ecez rok\u201c  31.08. \u2013 06.09.2026"},"content":{"rendered":"\n<figure class=\"wp-block-table\"><table><tbody><tr><td>\u0161tvrtok<\/td><td>Sv. Gregora Ve\u013ek\u00e9ho, p\u00e1pe\u017ea a&nbsp;u\u010dite\u013ea Cirkvi<\/td><\/tr><tr><td>sobota<\/td><td>Sv. Ter\u00e9zie z&nbsp;Kalkaty, panny<\/td><\/tr><tr><td><strong>bud\u00faca nede\u013ea<\/strong><\/td><td><strong>23. nede\u013ea \u201ecez rok\u201c&nbsp;<\/strong><\/td><\/tr><\/tbody><\/table><\/figure>\n\n\n\n<ul class=\"wp-block-list\">\n<li><strong>\u0160tvrtkov\u00e1 ador\u00e1cia vo farskom kostole:<\/strong> od 19:00 do 20:00.<\/li>\n\n\n\n<li><strong>Prv\u00fd piatok:<\/strong> poz\u00fdvame k\u00a0pravidelnej sv. spovedi, zvl\u00e1\u0161\u0165 poz\u00fdvame teraj\u0161\u00edch \u0161tvrt\u00e1kov, aby si za\u010dali kona\u0165 9 prv\u00fdch piatkov. Spoved\u00e1me pol hodinu pred sv. om\u0161ami, v\u00a0piatok pri ve\u010dern\u00fdch sv. om\u0161iach hodinu.<\/li>\n\n\n\n<li><strong>Fatimsk\u00e1 sobota: <\/strong>Fatimsk\u00e1 pobo\u017enos\u0165 bude\u00a0sobotu o\u00a08:00 vo farskom kostole a\u00a0o\u00a09:00 sv. om\u0161a.<\/li>\n\n\n\n<li><strong>Veni sancte:<\/strong> za\u010dal n\u00e1m nov\u00fd \u0161k. rok a\u00a0tak na bud\u00facu nede\u013eu pri sv. om\u0161i o\u00a011:00 budeme prosi\u0165 o\u00a0dary Ducha sv. pre na\u0161ich \u017eiakov, \u0161tudentov a\u00a0pedag\u00f3gov.\u00a0<\/li>\n\n\n\n<li><strong>Putovn\u00e1 v\u00fdstava rodiny Ulmovcov:<\/strong> V\u00a0nede\u013eu 6.9. po sv.om\u0161i o\u00a011:00\u00a0 otvor\u00edme v\u00fdstavu blahoslavenej rodiny Ulmovcov, ktor\u00e1 bola zabit\u00e1 nacistami, ke\u010f pom\u00e1hali po\u010das vojny prenasledovan\u00fdm \u017eidovsk\u00fdm obyvate\u013eom. V\u00fdstava zostane v\u00a0kostole do nedele 20.9.<\/li>\n\n\n\n<li><strong>Farsk\u00e9 hody:<\/strong> V\u00a0utorok 8.9. na sviatok Narodenia Panny M\u00e1rie budeme sl\u00e1vi\u0165 vo Farskom kostole farsk\u00e9 hody. R\u00e1no o\u00a09:00 vylo\u017e\u00edme Olt\u00e1rnu Sviatos\u0165 k\u00a0celodennej poklone, ktor\u00e1 skon\u010d\u00ed o\u00a017:30. Sl\u00e1vnostn\u00fa sv. om\u0161u o\u00a018:00 bude celebrova\u0165 Dr. Martin Kramara, gener\u00e1lny vik\u00e1r \u017dilinskej diec\u00e9zy. Po sv. om\u0161i bude pred kostolom komunitn\u00e9 agap\u00e9 so v\u0161etk\u00fdm, \u010do k\u00a0tomu patr\u00ed a\u00a0tak pros\u00edme gazdinky, aby priniesli nejak\u00e9 slan\u00e9 a\u00a0sladk\u00e9 na pon\u00fakanie. V\u00ednko, nealko, tie\u017e n\u00e1poje pre deti bud\u00fa zabezpe\u010den\u00e9.<\/li>\n\n\n\n<li><strong>Upratovanie:<\/strong> pros\u00edme o\u00a0pomoc pri upratovan\u00ed Farsk\u00e9ho kostola a\u00a0jeho okolia pred hodovou sl\u00e1vnos\u0165ou, ktor\u00e9 bude v\u00a0piatok 4.9. po sv. om\u0161i.<\/li>\n<\/ul>\n","protected":false},"excerpt":{"rendered":"<p>\u0161tvrtok Sv. Gregora Ve\u013ek\u00e9ho, p\u00e1pe\u017ea a&nbsp;u\u010dite\u013ea Cirkvi sobota Sv. Ter\u00e9zie z&nbsp;Kalkaty, panny bud\u00faca nede\u013ea 23. nede\u013ea \u201ecez rok\u201c&nbsp;<\/p>\n","protected":false},"author":2,"featured_media":0,"comment_status":"closed","ping_status":"closed","sticky":false,"template":"","format":"standard","meta":{"ngg_post_thumbnail":0,"footnotes":""},"categories":[1,5],"tags":[],"class_list":["post-11154","post","type-post","status-publish","format-standard","hentry","category-aktuality","category-oznamy"],"_links":{"self":[{"href":"https:\/\/trencin.fara.sk\/index.php?rest_route=\/wp\/v2\/posts\/11154"}],"collection":[{"href":"https:\/\/trencin.fara.sk\/index.php?rest_route=\/wp\/v2\/posts"}],"about":[{"href":"https:\/\/trencin.fara.sk\/index.php?rest_route=\/wp\/v2\/types\/post"}],"author":[{"embeddable":true,"href":"https:\/\/trencin.fara.sk\/index.php?rest_route=\/wp\/v2\/users\/2"}],"replies":[{"embeddable":true,"href":"https:\/\/trencin.fara.sk\/index.php?rest_route=%2Fwp%2Fv2%2Fcomments&post=11154"}],"version-history":[{"count":1,"href":"https:\/\/trencin.fara.sk\/index.php?rest_route=\/wp\/v2\/posts\/11154\/revisions"}],"predecessor-version":[{"id":11155,"href":"https:\/\/trencin.fara.sk\/index.php?rest_route=\/wp\/v2\/posts\/11154\/revisions\/11155"}],"wp:attachment":[{"href":"https:\/\/trencin.fara.sk\/index.php?rest_route=%2Fwp%2Fv2%2Fmedia&parent=11154"}],"wp:term":[{"taxonomy":"category","embeddable":true,"href":"https:\/\/trencin.fara.sk\/index.php?rest_route=%2Fwp%2Fv2%2Fcategories&post=11154"},{"taxonomy":"post_tag","embeddable":true,"href":"https:\/\/trencin.fara.sk\/index.php?rest_route=%2Fwp%2Fv2%2Ftags&post=11154"}],"curies":[{"name":"wp","href":"https:\/\/api.w.org\/{rel}","templated":true}]}}