{"id":11156,"date":"2026-09-05T16:27:18","date_gmt":"2026-09-05T14:27:18","guid":{"rendered":"https:\/\/trencin.fara.sk\/?p=11156"},"modified":"2026-09-05T16:28:56","modified_gmt":"2026-09-05T14:28:56","slug":"1-sv-prijimanie-sk-rok-2026-27","status":"publish","type":"post","link":"https:\/\/trencin.fara.sk\/?p=11156","title":{"rendered":"1. sv. prij\u00edmanie \u0161k.rok 2026\/27"},"content":{"rendered":"\n<p><strong>Pr\u00edprava det\u00ed k&nbsp;1.sv.prij\u00edmaniu \u2013 \u0161kolsk\u00fd rok 2026\/27<\/strong><\/p>\n\n\n\n<p>Mil\u00e9 deti a&nbsp;rodi\u010dia,<\/p>\n\n\n\n<p><strong>\u00favodn\u00e9 stretnutie prvoprij\u00edmaj\u00facich det\u00ed a rodi\u010dov bude na detskej sv. om\u0161i <\/strong><strong><u>v nede\u013eu 4.10.2026 o 11:00 vo farskom kostole<\/u><\/strong><strong> (Mari\u00e1nske n\u00e1mestie). <\/strong><strong>Do 30.9.2026 <\/strong><strong>prebieha <\/strong><strong>online prihlasovanie det\u00ed na 1.sv.prij\u00edmanie<\/strong>. Formul\u00e1r na online prihlasovanie n\u00e1jdete tu:<\/p>\n\n\n\n<p><a href=\"https:\/\/forms.gle\/fSsah9EYmCk3sVoS6\">https:\/\/forms.gle\/fSsah9EYmCk3sVoS6<\/a><\/p>\n\n\n\n<p><strong>Prihlasovanie je ur\u010den\u00e9 pre deti, ktor\u00e9 re\u00e1lne b\u00fdvaj\u00fa na \u00fazem\u00ed na\u0161ej farnosti: <\/strong>od s\u00eddliska SIHO\u0164 cez CENTRUM MESTA a\u017e po SOBLAHOVSK\u00da ULICU. (Do \u00fazemia na\u0161ej farnosti nepatria ulice \u201cza mostami\u201d a za \u017eelezni\u010dn\u00fdm priecest\u00edm na Legion\u00e1rskej ulici).<\/p>\n\n\n\n<p><strong>Sv. om\u0161e v nede\u013eu o&nbsp;11:00 vo farskom kostole (Mari\u00e1nske n\u00e1mestie) s\u00fa zameran\u00e9 pre deti pripravuj\u00face sa na 1. sv. prij\u00edmanie. <\/strong>Poz\u00fdvame deti i rodi\u010dov k pravidelnej \u00fa\u010dasti. Okrem toho <strong>raz za mesiac bude b\u00fdva\u0165 aj katech\u00e9za pre deti po sv. om\u0161i o&nbsp;11:00.<\/strong><\/p>\n\n\n\n<p><strong><u>Pl\u00e1n stretnut\u00ed<\/u> po detskej sv. om\u0161i:<\/strong><\/p>\n\n\n\n<p><strong><u>Z\u0160 Hod\u017eova<\/u>: 11.okt\u00f3ber, 8.november, 13.december, 10.janu\u00e1r, 14.febru\u00e1r, 14.marec, 11.apr\u00edl, 9.m\u00e1j<\/strong><\/p>\n\n\n\n<p><strong><u>Ostatn\u00e9 \u0161koly<\/u>: 18. okt\u00f3ber, 15.november, 20.december, 17.janu\u00e1r, 21.febru\u00e1r, 21.marec, 18.apr\u00edl, 9.m\u00e1j<\/strong><\/p>\n\n\n\n<p><strong>Presn\u00fd term\u00edn 1.sv.prij\u00edmania zverejn\u00edme za\u010diatkom okt\u00f3bra.<\/strong><\/p>\n\n\n\n<p>Pros\u00edme rodi\u010dov <strong>det\u00ed, ktor\u00e9 boli pokrsten\u00e9 v&nbsp;inej farnosti<\/strong>, aby n\u00e1m <strong>do konca okt\u00f3bra priniesli k\u00f3piu krstn\u00e9ho listu z&nbsp;danej farnosti.<\/strong><\/p>\n\n\n\n<p><strong>Deti, ktor\u00e9 e\u0161te neboli pokrsten\u00e9, bud\u00fa pokrsten\u00e9 na jar 2027 vo farskom kostole.<\/strong><\/p>\n\n\n\n<p>V&nbsp;pr\u00edpade ot\u00e1zok n\u00e1s kontaktujte cez farsk\u00fd mail (<a href=\"mailto:faratrencin@gmail.com\">faratrencin@gmail.com<\/a>)<\/p>\n\n\n\n<p><\/p>\n","protected":false},"excerpt":{"rendered":"<p>Pr\u00edprava det\u00ed k&nbsp;1.sv.prij\u00edmaniu \u2013 \u0161kolsk\u00fd rok 2026\/27 Mil\u00e9 deti a&nbsp;rodi\u010dia, \u00favodn\u00e9 stretnutie prvoprij\u00edmaj\u00facich det\u00ed a rodi\u010dov bude na detskej sv. om\u0161i v nede\u013eu 4.10.2026 o 11:00 vo farskom kostole (Mari\u00e1nske n\u00e1mestie). Do 30.9.2026 prebieha online prihlasovanie det\u00ed na 1.sv.prij\u00edmanie. Formul\u00e1r&#8230;<\/p>\n","protected":false},"author":2,"featured_media":0,"comment_status":"closed","ping_status":"closed","sticky":true,"template":"","format":"standard","meta":{"ngg_post_thumbnail":0,"footnotes":""},"categories":[1],"tags":[],"class_list":["post-11156","post","type-post","status-publish","format-standard","hentry","category-aktuality"],"_links":{"self":[{"href":"https:\/\/trencin.fara.sk\/index.php?rest_route=\/wp\/v2\/posts\/11156"}],"collection":[{"href":"https:\/\/trencin.fara.sk\/index.php?rest_route=\/wp\/v2\/posts"}],"about":[{"href":"https:\/\/trencin.fara.sk\/index.php?rest_route=\/wp\/v2\/types\/post"}],"author":[{"embeddable":true,"href":"https:\/\/trencin.fara.sk\/index.php?rest_route=\/wp\/v2\/users\/2"}],"replies":[{"embeddable":true,"href":"https:\/\/trencin.fara.sk\/index.php?rest_route=%2Fwp%2Fv2%2Fcomments&post=11156"}],"version-history":[{"count":1,"href":"https:\/\/trencin.fara.sk\/index.php?rest_route=\/wp\/v2\/posts\/11156\/revisions"}],"predecessor-version":[{"id":11157,"href":"https:\/\/trencin.fara.sk\/index.php?rest_route=\/wp\/v2\/posts\/11156\/revisions\/11157"}],"wp:attachment":[{"href":"https:\/\/trencin.fara.sk\/index.php?rest_route=%2Fwp%2Fv2%2Fmedia&parent=11156"}],"wp:term":[{"taxonomy":"category","embeddable":true,"href":"https:\/\/trencin.fara.sk\/index.php?rest_route=%2Fwp%2Fv2%2Fcategories&post=11156"},{"taxonomy":"post_tag","embeddable":true,"href":"https:\/\/trencin.fara.sk\/index.php?rest_route=%2Fwp%2Fv2%2Ftags&post=11156"}],"curies":[{"name":"wp","href":"https:\/\/api.w.org\/{rel}","templated":true}]}}