{"id":3000,"date":"2014-06-14T21:48:23","date_gmt":"2014-06-14T19:48:23","guid":{"rendered":"http:\/\/trencin.fara.sk\/?p=3000"},"modified":"2014-06-22T08:18:05","modified_gmt":"2014-06-22T06:18:05","slug":"oznamy-na-nedelu-najsvatejsej-trojice-15-6-2014","status":"publish","type":"post","link":"https:\/\/trencin.fara.sk\/?p=3000","title":{"rendered":"Oznamy na nede\u013eu Najsv\u00e4tej\u0161ej Trojice (15.6.2014)"},"content":{"rendered":"<p><strong><em>Sl\u00e1vime nede\u013eu Najsv\u00e4tej\u0161ej Trojice.<\/em><\/strong><\/p>\n<p>Vo \u0161tvrtok je cirkevne prik\u00e1zan\u00fd sviatok Najsv\u00e4tej\u0161ieho Kristovho Tela a\u00a0Krvi. Sv\u00e4t\u00e9 om\u0161e bud\u00fa tak ako vo sviatok. <strong><em>Vo farskom kostole o\u00a09.00 a\u00a0o\u00a016. 00. Po sv. om\u0161i o\u00a016.00 bude procesia okolo farsk\u00e9ho kostola.<\/em><\/strong> Pros\u00edme deti, najm\u00e4 prvoprij\u00edmaj\u00face, aby si priniesli lupienky kvetov, ktor\u00e9 bud\u00fa sypa\u0165 pred Najsv\u00e4tej\u0161ou Sviatos\u0165ou.<\/p>\n<p><strong><em>V\u00a0kostole Notre Dame bude vo \u0161tvrtok sv. om\u0161a o\u00a07.00 a\u00a018.30, v\u00a0kaplnke sv. Anny o\u00a08.00 a\u00a0v\u00a0kostole u\u00a0piaristov o\u00a06.00 a\u00a018.00.<\/em><\/strong><\/p>\n<p><strong><em>Z\u0160 sv. Andreja &#8211; Svorada a\u00a0Benedikta organizuje v\u00a0sobotu 21.6.2014 pe\u0161iu p\u00fa\u0165 na Skalku. Odchod bude o\u00a010.00 od Z\u0160, o\u00a012.00 bude na Skalke v\u00a0p\u00fatnickom kostole sv. om\u0161a<\/em><\/strong> a\u00a0po nej opeka\u010dka.. Podrobnosti s\u00fa na v\u00fdvesk\u00e1ch.<\/p>\n<p><strong><em>Na bud\u00facu sobotu o\u00a010.00 hod. bude ma\u0165 v\u00a0kostole Sv. Rodiny na Juhu primi\u010dn\u00fa sv. om\u0161u tren\u010diansky rod\u00e1k Juraj Klinko<\/em><\/strong>. Ste srde\u010dne pozvan\u00ed.<\/p>\n<p>D\u0148a 29. a\u00a030. j\u00fana organizujeme pre mini\u0161trantov tradi\u010dn\u00fd v\u00fdlet. V\u00a0nede\u013eu sa p\u00f4jdeme ok\u00fapa\u0165 do Rajca, spa\u0165 budeme v\u00a0stanoch v\u00a0kempe a\u00a0v\u00a0pondelok bude turistika \u2013 v\u00fdstup na Plosk\u00fa pri\u00a0 Ru\u017eomberku. \u00a0Chlapci mini\u0161tranti, prihlasujte sa v\u00a0sakristii.<\/p>\n<p>Z\u00a0na\u0161ej farnosti organizujeme 5.j\u00fala 2014 na sviatok sv. Cyrila a\u00a0Metoda p\u00fa\u0165ov\u00fd z\u00e1jazd do Nitry. Z\u00e1ujemcovia sa m\u00f4\u017eu prihlasova\u0165 u\u00a0p\u00e1na \u017d\u00e1ka. Podrobnosti si m\u00f4\u017eete pozrie\u0165 vo farsk\u00fdch listoch.<\/p>\n<p>Dnes je pravideln\u00e1 zbierka na opravy na\u0161ich kostolov. Za va\u0161e milodary vyslovujeme \u00faprimn\u00e9 P\u00e1n Boh zapla\u0165. Sv. om\u0161a o\u00a09.00 vo farskom kostole je obetovan\u00e1 za dobrodincov.<em>\u00a0<\/em><\/p>\n<p><em>Liturgick\u00fd kalend\u00e1r:<br \/>\n<\/em>\u0161t: sl\u00e1vnos\u0165 Najsv\u00e4tej\u0161ieho Kristovho Tela a\u00a0Krvi, prik\u00e1zan\u00fd sviatok<br \/>\nso: spomienka na sv. Alojza Gonz\u00e1gu, reho\u013en\u00edka<\/p>\n","protected":false},"excerpt":{"rendered":"<p>Sl\u00e1vime nede\u013eu Najsv\u00e4tej\u0161ej Trojice. Vo \u0161tvrtok je cirkevne prik\u00e1zan\u00fd sviatok Najsv\u00e4tej\u0161ieho Kristovho Tela a\u00a0Krvi. Sv\u00e4t\u00e9 om\u0161e bud\u00fa tak ako vo sviatok. Vo farskom kostole o\u00a09.00 a\u00a0o\u00a016. 00. Po sv. om\u0161i o\u00a016.00 bude procesia okolo farsk\u00e9ho kostola. Pros\u00edme deti, najm\u00e4 prvoprij\u00edmaj\u00face,&#8230;<\/p>\n","protected":false},"author":1,"featured_media":0,"comment_status":"closed","ping_status":"closed","sticky":false,"template":"","format":"standard","meta":{"ngg_post_thumbnail":0,"footnotes":""},"categories":[5],"tags":[18],"class_list":["post-3000","post","type-post","status-publish","format-standard","hentry","category-oznamy","tag-oznamy-2"],"_links":{"self":[{"href":"https:\/\/trencin.fara.sk\/index.php?rest_route=\/wp\/v2\/posts\/3000"}],"collection":[{"href":"https:\/\/trencin.fara.sk\/index.php?rest_route=\/wp\/v2\/posts"}],"about":[{"href":"https:\/\/trencin.fara.sk\/index.php?rest_route=\/wp\/v2\/types\/post"}],"author":[{"embeddable":true,"href":"https:\/\/trencin.fara.sk\/index.php?rest_route=\/wp\/v2\/users\/1"}],"replies":[{"embeddable":true,"href":"https:\/\/trencin.fara.sk\/index.php?rest_route=%2Fwp%2Fv2%2Fcomments&post=3000"}],"version-history":[{"count":1,"href":"https:\/\/trencin.fara.sk\/index.php?rest_route=\/wp\/v2\/posts\/3000\/revisions"}],"predecessor-version":[{"id":3001,"href":"https:\/\/trencin.fara.sk\/index.php?rest_route=\/wp\/v2\/posts\/3000\/revisions\/3001"}],"wp:attachment":[{"href":"https:\/\/trencin.fara.sk\/index.php?rest_route=%2Fwp%2Fv2%2Fmedia&parent=3000"}],"wp:term":[{"taxonomy":"category","embeddable":true,"href":"https:\/\/trencin.fara.sk\/index.php?rest_route=%2Fwp%2Fv2%2Fcategories&post=3000"},{"taxonomy":"post_tag","embeddable":true,"href":"https:\/\/trencin.fara.sk\/index.php?rest_route=%2Fwp%2Fv2%2Ftags&post=3000"}],"curies":[{"name":"wp","href":"https:\/\/api.w.org\/{rel}","templated":true}]}}