{"id":3006,"date":"2014-06-22T08:17:39","date_gmt":"2014-06-22T06:17:39","guid":{"rendered":"http:\/\/trencin.fara.sk\/?p=3006"},"modified":"2014-07-06T13:23:13","modified_gmt":"2014-07-06T11:23:13","slug":"oznamy-na-12-nedelu-v-obdobi-cez-rok-22-6-2014","status":"publish","type":"post","link":"https:\/\/trencin.fara.sk\/?p=3006","title":{"rendered":"Oznamy na 12. nede\u013eu v obdob\u00ed cez rok (22.6.2014)"},"content":{"rendered":"<p><strong><em>Sl\u00e1vime 12. nede\u013eu v\u00a0obdob\u00ed cez rok.<\/em><\/strong><\/p>\n<p><strong><em>Vo\u00a0 \u0161tvrtok 26.6.2014 sa uskuto\u010dn\u00ed v\u00a0\u00e1triu kl\u00e1\u0161tora piaristov tradi\u010dn\u00fd z\u00e1vere\u010dn\u00fd<\/em><\/strong> <strong><em>koncert<\/em><\/strong> v\u00a0podan\u00ed spev\u00e1ckeho zboru Piarissimo a\u00a0Komorn\u00e9ho orchestra ZU\u0160. Ste srde\u010dne pozvan\u00ed.<\/p>\n<p><strong><em>V\u00a0piatok je\u00a0 koniec \u0161kolsk\u00e9ho roku<\/em>, <em>deti a\u00a0ml\u00e1de\u017e, pr\u00ed\u010fte sa po\u010fakova\u0165 P\u00e1nu Bohu za pomoc a\u00a0ochranu.<\/em><\/strong>\u017diaci zo ZC\u0160 a\u00a0PaSA bud\u00fa ma\u0165 sv. om\u0161u o\u00a09.00 v\u00a0kostole Notre Dame. V\u00a0piatok bude ador\u00e1cia pred vystavenou Sviatos\u0165ou Olt\u00e1rnou v\u00a0kostole Notre Dame a\u017e o\u00a010.00.<\/p>\n<p><strong><em>Na bud\u00facu nede\u013eu\u00a0 je sl\u00e1vnos\u0165 sv. Petra a\u00a0Pavla, cirkevne prik\u00e1zan\u00fd sviatok. <\/em><\/strong>Na tento sviatok je <strong><em>zbierka na dobro\u010dinn\u00e9 diela Sv\u00e4t\u00e9ho Otca<\/em><\/strong>.(tzv. Halier sv. Petra) Za va\u0161e milodary vyslovujeme \u00faprimn\u00e9 P\u00e1n Boh zapla\u0165.<\/p>\n<p><strong><em>D\u0148a 29. a\u00a030. j\u00fana \u00a0bud\u00fa ma\u0165 mini\u0161tranti v\u00fdlet do Ve\u013ekej Fatry. <\/em><\/strong>\u00a0Chlapci mini\u0161tranti bud\u00fa ma\u0165 tento v\u00fdlet ako odmenu za celoro\u010dn\u00fa mini\u0161trantsk\u00fa slu\u017ebu. Odch\u00e1dzame\u00a0 v\u00a0nede\u013eu o\u00a013.00 od Gal\u00e9rie na Palack\u00e9ho ulici. Treba si zobra\u0165 karimatku, spac\u00e1k, turistick\u00e9 oble\u010denie, pr\u0161ipl\u00e1\u0161\u0165 na odpla\u0161enie da\u017e\u010fa, plavky a\u00a0tro\u0161ka jedla. Kto m\u00e1 stan, nahl\u00e1ste to v\u00a0sakristii.<\/p>\n<p><strong><em>Z\u00a0na\u0161ej farnosti organizujeme 5. j\u00fala 2014<\/em><\/strong> na sviatok sv. Cyrila a\u00a0Metoda p\u00fa\u0165ov\u00fd z\u00e1jazd do Nitry. Z\u00e1ujemcovia sa m\u00f4\u017eu nahlasova\u0165 u\u00a0p\u00e1na \u017d\u00e1ka.<\/p>\n<p><strong><em>Cez letn\u00e9 pr\u00e1zdniny od 30.6.2014\u00a0 ve\u010dern\u00e9 sv. om\u0161e o\u00a017.00 v\u00a0kostole Notre Dame nebud\u00fa. Nede\u013en\u00e1 sv. om\u0161a o\u00a018.30 v\u00a0Notre Dame je po cel\u00fd rok<\/em><\/strong>.<\/p>\n<p>Liturgick\u00fd kalend\u00e1r:<br \/>\nut: sl\u00e1vnos\u0165 narodenia sv. J\u00e1na Krstite\u013ea<br \/>\npi: sl\u00e1vnos\u0165 Najsv\u00e4tej\u0161ieho Srdca Je\u017ei\u0161ovho, po sv. om\u0161iach bude odprosuj\u00faca pobo\u017enos\u0165<br \/>\nso: spomienka na Nepo\u0161kvrnen\u00e9 Srdce Panny M\u00e1rie<\/p>\n","protected":false},"excerpt":{"rendered":"<p>Sl\u00e1vime 12. nede\u013eu v\u00a0obdob\u00ed cez rok. Vo\u00a0 \u0161tvrtok 26.6.2014 sa uskuto\u010dn\u00ed v\u00a0\u00e1triu kl\u00e1\u0161tora piaristov tradi\u010dn\u00fd z\u00e1vere\u010dn\u00fd koncert v\u00a0podan\u00ed spev\u00e1ckeho zboru Piarissimo a\u00a0Komorn\u00e9ho orchestra ZU\u0160. Ste srde\u010dne pozvan\u00ed. V\u00a0piatok je\u00a0 koniec \u0161kolsk\u00e9ho roku, deti a\u00a0ml\u00e1de\u017e, pr\u00ed\u010fte sa po\u010fakova\u0165 P\u00e1nu Bohu za&#8230;<\/p>\n","protected":false},"author":1,"featured_media":0,"comment_status":"closed","ping_status":"closed","sticky":false,"template":"","format":"standard","meta":{"ngg_post_thumbnail":0,"footnotes":""},"categories":[5],"tags":[18],"class_list":["post-3006","post","type-post","status-publish","format-standard","hentry","category-oznamy","tag-oznamy-2"],"_links":{"self":[{"href":"https:\/\/trencin.fara.sk\/index.php?rest_route=\/wp\/v2\/posts\/3006"}],"collection":[{"href":"https:\/\/trencin.fara.sk\/index.php?rest_route=\/wp\/v2\/posts"}],"about":[{"href":"https:\/\/trencin.fara.sk\/index.php?rest_route=\/wp\/v2\/types\/post"}],"author":[{"embeddable":true,"href":"https:\/\/trencin.fara.sk\/index.php?rest_route=\/wp\/v2\/users\/1"}],"replies":[{"embeddable":true,"href":"https:\/\/trencin.fara.sk\/index.php?rest_route=%2Fwp%2Fv2%2Fcomments&post=3006"}],"version-history":[{"count":1,"href":"https:\/\/trencin.fara.sk\/index.php?rest_route=\/wp\/v2\/posts\/3006\/revisions"}],"predecessor-version":[{"id":3007,"href":"https:\/\/trencin.fara.sk\/index.php?rest_route=\/wp\/v2\/posts\/3006\/revisions\/3007"}],"wp:attachment":[{"href":"https:\/\/trencin.fara.sk\/index.php?rest_route=%2Fwp%2Fv2%2Fmedia&parent=3006"}],"wp:term":[{"taxonomy":"category","embeddable":true,"href":"https:\/\/trencin.fara.sk\/index.php?rest_route=%2Fwp%2Fv2%2Fcategories&post=3006"},{"taxonomy":"post_tag","embeddable":true,"href":"https:\/\/trencin.fara.sk\/index.php?rest_route=%2Fwp%2Fv2%2Ftags&post=3006"}],"curies":[{"name":"wp","href":"https:\/\/api.w.org\/{rel}","templated":true}]}}