{"id":5398,"date":"2018-08-06T14:42:22","date_gmt":"2018-08-06T12:42:22","guid":{"rendered":"http:\/\/trencin.fara.sk\/?p=5398"},"modified":"2018-08-12T23:14:23","modified_gmt":"2018-08-12T21:14:23","slug":"oznamy-na-18-nedelu-v-obdobi-cez-rok-5-8-2018","status":"publish","type":"post","link":"https:\/\/trencin.fara.sk\/?p=5398","title":{"rendered":"Oznamy na 18. nede\u013eu v obdob\u00ed cez rok (5.8.2018)"},"content":{"rendered":"<p style=\"text-align: justify;\"><strong><em>Sl\u00e1vime osemn\u00e1stu&nbsp; nede\u013eu v&nbsp;obdob\u00ed cez rok. <\/em><\/strong>M\u00e1me&nbsp; prv\u00fa nede\u013eu v&nbsp;mesiaci, v&nbsp;kaplnke sv. Anny bude celodenn\u00e1 poklona pred vystavenou Sviatos\u0165ou Olt\u00e1rnou. Poklona za\u010dne po sv. om\u0161i a&nbsp;skon\u010d\u00ed po\u017eehnan\u00edm o&nbsp;17.30.<\/p>\n<p style=\"text-align: justify;\">CPR poz\u00fdva otcov a&nbsp;ich synov vo veku 14 a\u017e 16 rokov na spolo\u010dn\u00fd duchovno-z\u00e1\u017eitkov\u00fd pobyt, ktor\u00fd sa bude kona\u0165 v&nbsp;bl\u00edzkosti Skalky nad V\u00e1hom od 29.8. do 2.9.2018. Akcia je veden\u00e1 v&nbsp;kres\u0165anskom duchu za akt\u00edvnej \u00fa\u010dasti k\u0148azov.<\/p>\n<p style=\"text-align: justify;\"><strong><em>Od pondelka 6.8. do soboty 25. 8. nebud\u00fa b\u00fdva\u0165 v&nbsp;piaristickom kostole rann\u00e9 sv\u00e4t\u00e9 om\u0161e o&nbsp;6.00. Om\u0161e v&nbsp;nede\u013eu bud\u00fa bez zmien.<\/em><\/strong><\/p>\n<p style=\"text-align: justify;\"><em><u>Liturgick\u00fd kalend\u00e1r:<br \/>\n<\/u><\/em>po: sviatok Premenenia P\u00e1na<br \/>\nst: spomienka na sv. Dominika, k\u0148aza<br \/>\n\u0161t: sviatok sv. Ter\u00e9zie Benedikty z&nbsp;kr\u00ed\u017ea, panny a&nbsp;mu\u010d., spolupatr\u00f3nky Eur\u00f3py<br \/>\npi: spomienka na sv. Vavrinca, diakona a&nbsp;mu\u010d.<br \/>\nso: spomienka na sv. Kl\u00e1ru, pannu<\/p>\n","protected":false},"excerpt":{"rendered":"<p>Sl\u00e1vime osemn\u00e1stu&nbsp; nede\u013eu v&nbsp;obdob\u00ed cez rok. M\u00e1me&nbsp; prv\u00fa nede\u013eu v&nbsp;mesiaci, v&nbsp;kaplnke sv. Anny bude celodenn\u00e1 poklona pred vystavenou Sviatos\u0165ou Olt\u00e1rnou. Poklona za\u010dne po sv. om\u0161i a&nbsp;skon\u010d\u00ed po\u017eehnan\u00edm o&nbsp;17.30. CPR poz\u00fdva otcov a&nbsp;ich synov vo veku 14 a\u017e 16 rokov na&#8230;<\/p>\n","protected":false},"author":1,"featured_media":0,"comment_status":"closed","ping_status":"closed","sticky":false,"template":"","format":"standard","meta":{"ngg_post_thumbnail":0,"footnotes":""},"categories":[5],"tags":[18],"class_list":["post-5398","post","type-post","status-publish","format-standard","hentry","category-oznamy","tag-oznamy-2"],"_links":{"self":[{"href":"https:\/\/trencin.fara.sk\/index.php?rest_route=\/wp\/v2\/posts\/5398"}],"collection":[{"href":"https:\/\/trencin.fara.sk\/index.php?rest_route=\/wp\/v2\/posts"}],"about":[{"href":"https:\/\/trencin.fara.sk\/index.php?rest_route=\/wp\/v2\/types\/post"}],"author":[{"embeddable":true,"href":"https:\/\/trencin.fara.sk\/index.php?rest_route=\/wp\/v2\/users\/1"}],"replies":[{"embeddable":true,"href":"https:\/\/trencin.fara.sk\/index.php?rest_route=%2Fwp%2Fv2%2Fcomments&post=5398"}],"version-history":[{"count":1,"href":"https:\/\/trencin.fara.sk\/index.php?rest_route=\/wp\/v2\/posts\/5398\/revisions"}],"predecessor-version":[{"id":5399,"href":"https:\/\/trencin.fara.sk\/index.php?rest_route=\/wp\/v2\/posts\/5398\/revisions\/5399"}],"wp:attachment":[{"href":"https:\/\/trencin.fara.sk\/index.php?rest_route=%2Fwp%2Fv2%2Fmedia&parent=5398"}],"wp:term":[{"taxonomy":"category","embeddable":true,"href":"https:\/\/trencin.fara.sk\/index.php?rest_route=%2Fwp%2Fv2%2Fcategories&post=5398"},{"taxonomy":"post_tag","embeddable":true,"href":"https:\/\/trencin.fara.sk\/index.php?rest_route=%2Fwp%2Fv2%2Ftags&post=5398"}],"curies":[{"name":"wp","href":"https:\/\/api.w.org\/{rel}","templated":true}]}}