{"id":5400,"date":"2018-08-12T23:12:41","date_gmt":"2018-08-12T21:12:41","guid":{"rendered":"http:\/\/trencin.fara.sk\/?p=5400"},"modified":"2018-08-20T07:11:37","modified_gmt":"2018-08-20T05:11:37","slug":"oznamy-na-19-nedelu-v-obdobi-cez-rok-12-8-2018","status":"publish","type":"post","link":"https:\/\/trencin.fara.sk\/?p=5400","title":{"rendered":"Oznamy na 19. nede\u013eu v obdob\u00ed cez rok (12.8.2018)"},"content":{"rendered":"<p style=\"text-align: justify;\"><strong><em>Sl\u00e1vime dev\u00e4tn\u00e1stu&nbsp; nede\u013eu v&nbsp;obdob\u00ed cez rok. <\/em><\/strong><\/p>\n<p style=\"text-align: justify;\"><strong><em>V&nbsp;stredu je sl\u00e1vnos\u0165 Nanebovzatia Panny M\u00e1rie, cirkevne prik\u00e1zan\u00fd sviatok. <\/em><\/strong>Sv. om\u0161e bud\u00fa ako vo sviatok: vo farskom kostole o&nbsp;9.00 a&nbsp;16.00, v&nbsp;kostole Notre Dame o&nbsp;7.00 a&nbsp;18.30, v&nbsp;kaplnke sv. Anny o&nbsp;8.00 a&nbsp;v&nbsp;kostole u&nbsp;piaristov bude sv. om\u0161a o&nbsp;6.00 a&nbsp;o 18.00.<\/p>\n<p style=\"text-align: justify;\">V&nbsp;pondelok 20.8. v&nbsp;r\u00e1mci akcie \u201e<strong><em>Na bicykli za \u017eivot<\/em><\/strong>\u201c sa v&nbsp;na\u0161om meste zastav\u00ed pelot\u00f3n, ktor\u00fd ide z&nbsp;Pre\u0161ova do Viedne. O&nbsp;15.00 bude v&nbsp;kaplnke sv. Anny sv. om\u0161a a&nbsp;po nej sa \u00fa\u010dastn\u00edci v&nbsp;modlitbovom pochode presun\u00fa k nemocnici. Podrobnosti s\u00fa na v\u00fdvesk\u00e1ch.<\/p>\n<p style=\"text-align: justify;\"><strong><em>Benefi\u010dn\u00fd mari\u00e1nsky koncert na podporu rozvoja p\u00fatnick\u00e9ho miesta Skalka sa bude kona\u0165 9.9.2017 o&nbsp;19.15 v&nbsp;kostole u&nbsp;piaristov. <\/em><\/strong>&nbsp;\u00da\u010dinkuje \u010desk\u00e1 organov\u00e1 virtu\u00f3zka Katta.<\/p>\n<p style=\"text-align: justify;\"><strong><em>Na bud\u00facu nede\u013eu bude pravideln\u00e1 zbierka na opravy na\u0161ich kostolov a&nbsp;farsk\u00fdch budov.<\/em><\/strong> Za va\u0161e milodary vyslovujeme vopred \u00faprimn\u00e9 P\u00e1n Boh zapla\u0165. Sv. om\u0161a o&nbsp;11.00 vo farskom kostole bude na bud\u00facu nede\u013eu obetovan\u00e1 za dobrodincov.<\/p>\n<p style=\"text-align: justify;\"><em><u>Liturgick\u00fd kalend\u00e1r:<br \/>\n<\/u><\/em>ut: spomienka na sv. Maximili\u00e1na M\u00e1riu Kolbeho, k\u0148aza a mu\u010den\u00edka<br \/>\nst: sl\u00e1vnos\u0165 Nanebovzatia Panny M\u00e1rie, prik\u00e1zan\u00fd sviatok<br \/>\n\u0161t: spomienka na sv. \u0160tefana Uhorsk\u00e9ho<br \/>\nso: spomienka na sv. Helenu<\/p>\n","protected":false},"excerpt":{"rendered":"<p>Sl\u00e1vime dev\u00e4tn\u00e1stu&nbsp; nede\u013eu v&nbsp;obdob\u00ed cez rok. V&nbsp;stredu je sl\u00e1vnos\u0165 Nanebovzatia Panny M\u00e1rie, cirkevne prik\u00e1zan\u00fd sviatok. Sv. om\u0161e bud\u00fa ako vo sviatok: vo farskom kostole o&nbsp;9.00 a&nbsp;16.00, v&nbsp;kostole Notre Dame o&nbsp;7.00 a&nbsp;18.30, v&nbsp;kaplnke sv. Anny o&nbsp;8.00 a&nbsp;v&nbsp;kostole u&nbsp;piaristov bude sv. om\u0161a&#8230;<\/p>\n","protected":false},"author":1,"featured_media":0,"comment_status":"closed","ping_status":"closed","sticky":false,"template":"","format":"standard","meta":{"ngg_post_thumbnail":0,"footnotes":""},"categories":[5],"tags":[18],"class_list":["post-5400","post","type-post","status-publish","format-standard","hentry","category-oznamy","tag-oznamy-2"],"_links":{"self":[{"href":"https:\/\/trencin.fara.sk\/index.php?rest_route=\/wp\/v2\/posts\/5400"}],"collection":[{"href":"https:\/\/trencin.fara.sk\/index.php?rest_route=\/wp\/v2\/posts"}],"about":[{"href":"https:\/\/trencin.fara.sk\/index.php?rest_route=\/wp\/v2\/types\/post"}],"author":[{"embeddable":true,"href":"https:\/\/trencin.fara.sk\/index.php?rest_route=\/wp\/v2\/users\/1"}],"replies":[{"embeddable":true,"href":"https:\/\/trencin.fara.sk\/index.php?rest_route=%2Fwp%2Fv2%2Fcomments&post=5400"}],"version-history":[{"count":1,"href":"https:\/\/trencin.fara.sk\/index.php?rest_route=\/wp\/v2\/posts\/5400\/revisions"}],"predecessor-version":[{"id":5401,"href":"https:\/\/trencin.fara.sk\/index.php?rest_route=\/wp\/v2\/posts\/5400\/revisions\/5401"}],"wp:attachment":[{"href":"https:\/\/trencin.fara.sk\/index.php?rest_route=%2Fwp%2Fv2%2Fmedia&parent=5400"}],"wp:term":[{"taxonomy":"category","embeddable":true,"href":"https:\/\/trencin.fara.sk\/index.php?rest_route=%2Fwp%2Fv2%2Fcategories&post=5400"},{"taxonomy":"post_tag","embeddable":true,"href":"https:\/\/trencin.fara.sk\/index.php?rest_route=%2Fwp%2Fv2%2Ftags&post=5400"}],"curies":[{"name":"wp","href":"https:\/\/api.w.org\/{rel}","templated":true}]}}