{"id":5403,"date":"2018-08-20T07:11:16","date_gmt":"2018-08-20T05:11:16","guid":{"rendered":"http:\/\/trencin.fara.sk\/?p=5403"},"modified":"2018-08-26T08:11:35","modified_gmt":"2018-08-26T06:11:35","slug":"oznamy-na-20-nedelu-v-obdobi-cez-rok-19-8-2018","status":"publish","type":"post","link":"https:\/\/trencin.fara.sk\/?p=5403","title":{"rendered":"Oznamy na 20. nede\u013eu v obdob\u00ed cez rok (19.8.2018)"},"content":{"rendered":"<p style=\"text-align: justify;\"><strong><em>Sl\u00e1vime dvadsiatu&nbsp; nede\u013eu v&nbsp;obdob\u00ed cez rok. <\/em><\/strong><\/p>\n<p style=\"text-align: justify;\">Zajtra v&nbsp;r\u00e1mci akcie \u201eNa bicykli za \u017eivot\u201c sa v&nbsp;na\u0161om meste zastav\u00ed pelot\u00f3n, ktor\u00fd ide z&nbsp;Pre\u0161ova do Viedne. O&nbsp;15.00 bude v&nbsp;kaplnke sv. Anny sv. om\u0161a&nbsp; a&nbsp;po nej presun k&nbsp;nemocnici. Podrobnosti s\u00fa na v\u00fdvesk\u00e1ch.<\/p>\n<p style=\"text-align: justify;\"><strong><em>V&nbsp;utorok 21.augusta si pripom\u00edname 50. v\u00fdro\u010die udalost\u00ed z&nbsp;roku 1968.<\/em><\/strong> O&nbsp;18.00 v&nbsp;kostole u&nbsp;piaristov bude sv. om\u0161a obetovan\u00e1 za obete komunistick\u00e9ho re\u017eimu. O&nbsp;19.00 bude na Mierovom n\u00e1mest\u00ed koncert Jana Kryla.<\/p>\n<p style=\"text-align: justify;\">V&nbsp;sobotu o&nbsp;8.30 sa uskuto\u010dn\u00ed brig\u00e1da na opravenej cirkevnej \u0161kole \/b\u00fdval\u00e1 zdravotn\u00e1 \u0161kola\/. Potrebn\u00ed s\u00fa mu\u017ei aj \u017eeny.&nbsp; Stretneme sa na \u0161kolskom dvore.<\/p>\n<p style=\"text-align: justify;\"><strong><em>Na bud\u00facu nede\u013eu sa uskuto\u010dn\u00ed tradi\u010dn\u00e1 cyklistick\u00e1 p\u00fa\u0165 do Pominovca<\/em><\/strong>. Sv. om\u0161a pri kostol\u00edku za\u010d\u00edna o&nbsp;11.00 hod.<\/p>\n<p style=\"text-align: justify;\">Od septembra za\u010d\u00edna pr\u00edprava dospel\u00fdch na prijatie sviatosti krstu a&nbsp;pr\u00edprava pokrsten\u00fdch dospel\u00fdch na prijatie sviatosti Eucharistie. Z\u00e1ujemcovia sa m\u00f4\u017eu prihl\u00e1si\u0165 na fare.<\/p>\n<p style=\"text-align: justify;\"><strong><em>Benefi\u010dn\u00fd mari\u00e1nsky koncert na podporu rozvoja p\u00fatnick\u00e9ho miesta Skalka sa bude kona\u0165 9.9.2018 o&nbsp;19.15 v&nbsp;kostole u&nbsp;piaristov. <\/em><\/strong>Podrobnosti s\u00fa na v\u00fdvesk\u00e1ch&#8230;<\/p>\n<p style=\"text-align: justify;\"><strong><em>Dnes je &nbsp;pravideln\u00e1 zbierka na opravy na\u0161ich kostolov a&nbsp;farsk\u00fdch budov. <\/em><\/strong>&nbsp;Za va\u0161e milodary vyslovujeme vopred \u00faprimn\u00e9 P\u00e1n Boh zapla\u0165. Sv. om\u0161a o&nbsp;11.00 vo farskom kostole je dnes obetovan\u00e1 za v\u0161etk\u00fdch dobrodincov.<\/p>\n<p style=\"text-align: justify;\"><em><u>Liturgick\u00fd kalend\u00e1r:<br \/>\n<\/u><\/em>po: spomienka na sv. Bernarda, op\u00e1ta a&nbsp;u\u010d. Cirkvi<br \/>\nut: spomienka na sv. Pia X., p\u00e1pe\u017ea<br \/>\nst: spomienka na Pannu M\u00e1riu Kr\u00e1\u013eovn\u00fa<br \/>\npi: sviatok sv. Bartolomeja, apo\u0161tola<\/p>\n","protected":false},"excerpt":{"rendered":"<p>Sl\u00e1vime dvadsiatu&nbsp; nede\u013eu v&nbsp;obdob\u00ed cez rok. Zajtra v&nbsp;r\u00e1mci akcie \u201eNa bicykli za \u017eivot\u201c sa v&nbsp;na\u0161om meste zastav\u00ed pelot\u00f3n, ktor\u00fd ide z&nbsp;Pre\u0161ova do Viedne. O&nbsp;15.00 bude v&nbsp;kaplnke sv. Anny sv. om\u0161a&nbsp; a&nbsp;po nej presun k&nbsp;nemocnici. Podrobnosti s\u00fa na v\u00fdvesk\u00e1ch. V&nbsp;utorok 21.augusta&#8230;<\/p>\n","protected":false},"author":1,"featured_media":0,"comment_status":"closed","ping_status":"closed","sticky":false,"template":"","format":"standard","meta":{"ngg_post_thumbnail":0,"footnotes":""},"categories":[5],"tags":[18],"class_list":["post-5403","post","type-post","status-publish","format-standard","hentry","category-oznamy","tag-oznamy-2"],"_links":{"self":[{"href":"https:\/\/trencin.fara.sk\/index.php?rest_route=\/wp\/v2\/posts\/5403"}],"collection":[{"href":"https:\/\/trencin.fara.sk\/index.php?rest_route=\/wp\/v2\/posts"}],"about":[{"href":"https:\/\/trencin.fara.sk\/index.php?rest_route=\/wp\/v2\/types\/post"}],"author":[{"embeddable":true,"href":"https:\/\/trencin.fara.sk\/index.php?rest_route=\/wp\/v2\/users\/1"}],"replies":[{"embeddable":true,"href":"https:\/\/trencin.fara.sk\/index.php?rest_route=%2Fwp%2Fv2%2Fcomments&post=5403"}],"version-history":[{"count":1,"href":"https:\/\/trencin.fara.sk\/index.php?rest_route=\/wp\/v2\/posts\/5403\/revisions"}],"predecessor-version":[{"id":5404,"href":"https:\/\/trencin.fara.sk\/index.php?rest_route=\/wp\/v2\/posts\/5403\/revisions\/5404"}],"wp:attachment":[{"href":"https:\/\/trencin.fara.sk\/index.php?rest_route=%2Fwp%2Fv2%2Fmedia&parent=5403"}],"wp:term":[{"taxonomy":"category","embeddable":true,"href":"https:\/\/trencin.fara.sk\/index.php?rest_route=%2Fwp%2Fv2%2Fcategories&post=5403"},{"taxonomy":"post_tag","embeddable":true,"href":"https:\/\/trencin.fara.sk\/index.php?rest_route=%2Fwp%2Fv2%2Ftags&post=5403"}],"curies":[{"name":"wp","href":"https:\/\/api.w.org\/{rel}","templated":true}]}}