{"id":5405,"date":"2018-08-26T08:10:41","date_gmt":"2018-08-26T06:10:41","guid":{"rendered":"http:\/\/trencin.fara.sk\/?p=5405"},"modified":"2018-09-03T14:53:00","modified_gmt":"2018-09-03T12:53:00","slug":"oznamy-na-21-nedelu-v-obdobi-cez-rok-26-8-2018","status":"publish","type":"post","link":"https:\/\/trencin.fara.sk\/?p=5405","title":{"rendered":"Oznamy na 21. nede\u013eu v obdob\u00ed cez rok (26.8.2018)"},"content":{"rendered":"<p style=\"text-align: justify;\"><strong><em>Sl\u00e1vime dvadsiatu prv\u00fa nede\u013eu v&nbsp;obdob\u00ed cez rok. <\/em><\/strong><\/p>\n<p style=\"text-align: justify;\">Od zajtra bud\u00fa b\u00fdva\u0165 v&nbsp;kostole u&nbsp;piaristov aj v&nbsp;t\u00fd\u017edni rann\u00e9 sv. om\u0161e o&nbsp;6.00.<\/p>\n<p style=\"text-align: justify;\"><strong><em>Na bud\u00facu sobotu o&nbsp;10.00 bude v&nbsp;Ko\u0161iciach vyhl\u00e1sen\u00e1 za blahoslaven\u00fa Anna Koles\u00e1rov\u00e1. <\/em><\/strong>Kto by mal z\u00e1ujem z\u00fa\u010dastni\u0165 sa tohto blahore\u010denia, je mo\u017enos\u0165 cestova\u0165 mimoriadnym vlakom, ktor\u00fd <strong><em>z&nbsp;Tren\u010d\u00edna odch\u00e1dza v&nbsp;sobotu o&nbsp;1.44 hod<\/em><\/strong> <strong><em>a&nbsp;n\u00e1vrat je o&nbsp;22.10 hod. Cena l\u00edstka je 26 eur. L\u00edstky sa zabezpe\u010duj\u00fa na stanici v&nbsp;Tren\u010d\u00edne.<\/em><\/strong><\/p>\n<p style=\"text-align: justify;\">Od septembra za\u010d\u00edna pr\u00edprava dospel\u00fdch na prijatie sviatosti krstu a&nbsp;pr\u00edprava pokrsten\u00fdch dospel\u00fdch na prijatie sviatosti Eucharistie. Z\u00e1ujemcovia sa m\u00f4\u017eu prihl\u00e1si\u0165 na fare.<\/p>\n<p style=\"text-align: justify;\"><strong><em>Benefi\u010dn\u00fd mari\u00e1nsky koncert na podporu rozvoja p\u00fatnick\u00e9ho miesta Skalka sa bude kona\u0165 9.9.2018 o&nbsp;19.15 v&nbsp;kostole u&nbsp;piaristov. <\/em><\/strong>Podrobnosti s\u00fa na v\u00fdvesk\u00e1ch&#8230;<\/p>\n<p style=\"text-align: justify;\"><em><u>Liturgick\u00fd kalend\u00e1r:<br \/>\n<\/u><\/em>po: spomienka na sv. Moniku<br \/>\nut: spomienka na sv. August\u00edna, biskupa a&nbsp;u\u010d. Cirkvi<br \/>\nst: spomienka na mu\u010den\u00edcku smr\u0165 sv. J\u00e1na Krstite\u013ea<\/p>\n","protected":false},"excerpt":{"rendered":"<p>Sl\u00e1vime dvadsiatu prv\u00fa nede\u013eu v&nbsp;obdob\u00ed cez rok. Od zajtra bud\u00fa b\u00fdva\u0165 v&nbsp;kostole u&nbsp;piaristov aj v&nbsp;t\u00fd\u017edni rann\u00e9 sv. om\u0161e o&nbsp;6.00. Na bud\u00facu sobotu o&nbsp;10.00 bude v&nbsp;Ko\u0161iciach vyhl\u00e1sen\u00e1 za blahoslaven\u00fa Anna Koles\u00e1rov\u00e1. Kto by mal z\u00e1ujem z\u00fa\u010dastni\u0165 sa tohto blahore\u010denia, je mo\u017enos\u0165&#8230;<\/p>\n","protected":false},"author":1,"featured_media":0,"comment_status":"closed","ping_status":"closed","sticky":false,"template":"","format":"standard","meta":{"ngg_post_thumbnail":0,"footnotes":""},"categories":[5],"tags":[18],"class_list":["post-5405","post","type-post","status-publish","format-standard","hentry","category-oznamy","tag-oznamy-2"],"_links":{"self":[{"href":"https:\/\/trencin.fara.sk\/index.php?rest_route=\/wp\/v2\/posts\/5405"}],"collection":[{"href":"https:\/\/trencin.fara.sk\/index.php?rest_route=\/wp\/v2\/posts"}],"about":[{"href":"https:\/\/trencin.fara.sk\/index.php?rest_route=\/wp\/v2\/types\/post"}],"author":[{"embeddable":true,"href":"https:\/\/trencin.fara.sk\/index.php?rest_route=\/wp\/v2\/users\/1"}],"replies":[{"embeddable":true,"href":"https:\/\/trencin.fara.sk\/index.php?rest_route=%2Fwp%2Fv2%2Fcomments&post=5405"}],"version-history":[{"count":2,"href":"https:\/\/trencin.fara.sk\/index.php?rest_route=\/wp\/v2\/posts\/5405\/revisions"}],"predecessor-version":[{"id":5407,"href":"https:\/\/trencin.fara.sk\/index.php?rest_route=\/wp\/v2\/posts\/5405\/revisions\/5407"}],"wp:attachment":[{"href":"https:\/\/trencin.fara.sk\/index.php?rest_route=%2Fwp%2Fv2%2Fmedia&parent=5405"}],"wp:term":[{"taxonomy":"category","embeddable":true,"href":"https:\/\/trencin.fara.sk\/index.php?rest_route=%2Fwp%2Fv2%2Fcategories&post=5405"},{"taxonomy":"post_tag","embeddable":true,"href":"https:\/\/trencin.fara.sk\/index.php?rest_route=%2Fwp%2Fv2%2Ftags&post=5405"}],"curies":[{"name":"wp","href":"https:\/\/api.w.org\/{rel}","templated":true}]}}