{"id":5411,"date":"2018-09-10T14:21:30","date_gmt":"2018-09-10T12:21:30","guid":{"rendered":"http:\/\/trencin.fara.sk\/?p=5411"},"modified":"2018-09-17T08:02:51","modified_gmt":"2018-09-17T06:02:51","slug":"oznamy-na-23-nedelu-v-obdobi-cez-rok-9-9-2018","status":"publish","type":"post","link":"https:\/\/trencin.fara.sk\/?p=5411","title":{"rendered":"Oznamy na 23. nede\u013eu v obdob\u00ed cez rok (9.9.2018)"},"content":{"rendered":"<p style=\"text-align: justify;\">Sl\u00e1vime dvadsiatu tretiu nede\u013eu v&nbsp;obdob\u00ed cez rok. <strong><em>Dnes o&nbsp;19.15 sa v&nbsp;kostole u&nbsp;piaristov kon\u00e1 benefi\u010dn\u00fd koncert na podporu rozvoja p\u00fatnick\u00e9ho miesta Skalka.<\/em><\/strong><\/p>\n<p style=\"text-align: justify;\"><strong><em>\u00daprimne \u010fakujeme v\u0161etk\u00fdm, ktor\u00ed sa ak\u00fdmko\u013evek sp\u00f4sobom pri\u010dinili o&nbsp;d\u00f4stojn\u00fd a&nbsp;pekn\u00fd priebeh hodovej sl\u00e1vnosti&#8230; <\/em><\/strong>aran\u017e\u00e9rovi, spev\u00e1kom, organistom, tete kostoln\u00ed\u010dke, mini\u0161trantom, v\u0161etk\u00fdm, ktor\u00ed priniesli ob\u010derstvenie alebo pomohli pri pr\u00e1cach, upratovan\u00ed a&nbsp;organiz\u00e1cii. Tie\u017e \u00faprimn\u00e1 v\u010faka za finan\u010dn\u00e9 dary, ktor\u00e9 ste obetovali pri hodovej zbierke. <strong><em>Nech v\u00e1m dobrotiv\u00fd P\u00e1n Boh pom\u00e1ha a&nbsp;v\u00e1s po\u017eehn\u00e1va.<\/em><\/strong><\/p>\n<p style=\"text-align: justify;\"><strong><em>V sobotu je sl\u00e1vnos\u0165 Sedembolestnej Panny M\u00e1rie, patr\u00f3nky Slovenska. Sv. om\u0161e bud\u00fa nasledovne: vo farskom kostole o&nbsp;9.00 a&nbsp;11.00, v&nbsp;Notre Dame o&nbsp;7.00 a&nbsp;8.30, vo sv. Anne o&nbsp;8.00 a&nbsp;u&nbsp;Piaristov o&nbsp;6.00 a&nbsp;18.00. <\/em><\/strong><\/p>\n<p style=\"text-align: justify;\">Vo \u0161tvrtok m\u00e1me k\u0148azsk\u00fa rekolekciu vo farnosti Tren\u010d\u00edn \u2013 Orechov\u00e9. Rekolek\u010dn\u00e1 sv. om\u0161a bude o&nbsp;9.30, &nbsp;preto vo \u0161tvrtok bude sv. om\u0161a v&nbsp;kaplnke sv. Anny o&nbsp;8.00.<\/p>\n<p style=\"text-align: justify;\"><em><u>Liturgick\u00fd kalend\u00e1r:<br \/>\n<\/u><\/em>st: spomienka na najsv\u00e4tej\u0161ie meno Panny M\u00e1rie<br \/>\n\u0161t: spomienka na sv. J\u00e1na Zlato\u00fasteho, biskupa a&nbsp;u\u010d. Cirkvi<br \/>\npi: sviatok Pov\u00fd\u0161enia sv\u00e4t\u00e9ho kr\u00ed\u017ea<br \/>\nso: sl\u00e1vnos\u0165 Sedembolestnej Panny M\u00e1rie, patr\u00f3nky Slovenska<\/p>\n","protected":false},"excerpt":{"rendered":"<p>Sl\u00e1vime dvadsiatu tretiu nede\u013eu v&nbsp;obdob\u00ed cez rok. Dnes o&nbsp;19.15 sa v&nbsp;kostole u&nbsp;piaristov kon\u00e1 benefi\u010dn\u00fd koncert na podporu rozvoja p\u00fatnick\u00e9ho miesta Skalka. \u00daprimne \u010fakujeme v\u0161etk\u00fdm, ktor\u00ed sa ak\u00fdmko\u013evek sp\u00f4sobom pri\u010dinili o&nbsp;d\u00f4stojn\u00fd a&nbsp;pekn\u00fd priebeh hodovej sl\u00e1vnosti&#8230; aran\u017e\u00e9rovi, spev\u00e1kom, organistom, tete kostoln\u00ed\u010dke, mini\u0161trantom,&#8230;<\/p>\n","protected":false},"author":1,"featured_media":0,"comment_status":"closed","ping_status":"closed","sticky":false,"template":"","format":"standard","meta":{"ngg_post_thumbnail":0,"footnotes":""},"categories":[5],"tags":[18],"class_list":["post-5411","post","type-post","status-publish","format-standard","hentry","category-oznamy","tag-oznamy-2"],"_links":{"self":[{"href":"https:\/\/trencin.fara.sk\/index.php?rest_route=\/wp\/v2\/posts\/5411"}],"collection":[{"href":"https:\/\/trencin.fara.sk\/index.php?rest_route=\/wp\/v2\/posts"}],"about":[{"href":"https:\/\/trencin.fara.sk\/index.php?rest_route=\/wp\/v2\/types\/post"}],"author":[{"embeddable":true,"href":"https:\/\/trencin.fara.sk\/index.php?rest_route=\/wp\/v2\/users\/1"}],"replies":[{"embeddable":true,"href":"https:\/\/trencin.fara.sk\/index.php?rest_route=%2Fwp%2Fv2%2Fcomments&post=5411"}],"version-history":[{"count":1,"href":"https:\/\/trencin.fara.sk\/index.php?rest_route=\/wp\/v2\/posts\/5411\/revisions"}],"predecessor-version":[{"id":5412,"href":"https:\/\/trencin.fara.sk\/index.php?rest_route=\/wp\/v2\/posts\/5411\/revisions\/5412"}],"wp:attachment":[{"href":"https:\/\/trencin.fara.sk\/index.php?rest_route=%2Fwp%2Fv2%2Fmedia&parent=5411"}],"wp:term":[{"taxonomy":"category","embeddable":true,"href":"https:\/\/trencin.fara.sk\/index.php?rest_route=%2Fwp%2Fv2%2Fcategories&post=5411"},{"taxonomy":"post_tag","embeddable":true,"href":"https:\/\/trencin.fara.sk\/index.php?rest_route=%2Fwp%2Fv2%2Ftags&post=5411"}],"curies":[{"name":"wp","href":"https:\/\/api.w.org\/{rel}","templated":true}]}}