{"id":5414,"date":"2018-09-17T08:01:18","date_gmt":"2018-09-17T06:01:18","guid":{"rendered":"http:\/\/trencin.fara.sk\/?p=5414"},"modified":"2018-09-23T11:28:35","modified_gmt":"2018-09-23T09:28:35","slug":"oznamy-na-24-nedelu-v-obdobi-cez-rok-16-9-2018","status":"publish","type":"post","link":"https:\/\/trencin.fara.sk\/?p=5414","title":{"rendered":"Oznamy na 24. nede\u013eu v obdob\u00ed cez rok (16.9.2018)"},"content":{"rendered":"<p style=\"text-align: justify;\">Sl\u00e1vime 24. nede\u013eu v obdob\u00ed cez rok.<\/p>\n<p style=\"text-align: justify;\">V&nbsp;stredu, piatok a&nbsp;sobotu s\u00fa jesenn\u00e9 k\u00e1ntrov\u00e9 dni. Ich obsahom je po\u010fakovanie za \u00farodu. <strong><em>My po\u010fakujeme za Bo\u017eie dary a dobrodenia v&nbsp;piatok pri sv. om\u0161i vo farskom kostole. Kto m\u00f4\u017ee prinies\u0165 obetn\u00e9 dary na v\u00fdzdobu ako po\u010fakovanie za \u00farodu, pros\u00edme, nech ich donesie do \u0161tvrtku na faru&#8230;<\/em><\/strong><\/p>\n<p style=\"text-align: justify;\"><strong><em>Na<\/em><\/strong> <strong><em>bud\u00facu nede\u013eu bude na Skalke p\u00fa\u0165 folkl\u00f3ristov.<\/em><\/strong>. Program za\u010dne o&nbsp;15.00 pri kr\u00ed\u017ei pod kl\u00e1\u0161torom, nasledova\u0165 bude procesia k&nbsp;diec\u00e9znej sv\u00e4tyni s&nbsp;modlitbou sv. ru\u017eenca. Sl\u00e1vnostn\u00e1 sv. om\u0161a bude o&nbsp;16.00 a&nbsp;po nej bude kr\u00e1tke vyst\u00fapenie folklornych skup\u00edn.<\/p>\n<p style=\"text-align: justify;\">CPR poz\u00fdva slobodn\u00fdch katol\u00edkov vo veku 28 \u2013 42 rokov, ktor\u00ed h\u013eadaj\u00fa \u017eivotn\u00e9ho partnera, na stretnutie 1.10.2018 o&nbsp;17.00 do priestorov CPR na Farskej 12. Podrobnosti a&nbsp;prihlasovanie n\u00e1jdete na str\u00e1nke CPR.<\/p>\n<p style=\"text-align: justify;\"><strong><em>Na bud\u00facu nede\u013eu je &nbsp;jesenn\u00e1 zbierka na&nbsp; k\u0148azsk\u00fd semin\u00e1r. Za va\u0161e milodary vyslovujeme v&nbsp;mene seminaristov a&nbsp;predstaven\u00fdch semin\u00e1ra vopred \u00faprimn\u00e9 P\u00e1n Boh zapla\u0165.<\/em><\/strong><\/p>\n<p><em><u>Liturgick\u00fd kalend\u00e1r:<br \/>\n<\/u><\/em>\u0161t: spomienka na sv. Ondreja Kima Taegona, k\u0148aza a&nbsp;spolo\u010dn\u00edkov mu\u010den\u00edkov<br \/>\npi: sviatok sv. Mat\u00fa\u0161a, apo\u0161tola a evanjelistu<br \/>\nso: spomienka na sv. Emer\u00e1ma, biskupa a mu\u010den\u00edka<\/p>\n","protected":false},"excerpt":{"rendered":"<p>Sl\u00e1vime 24. nede\u013eu v obdob\u00ed cez rok. V&nbsp;stredu, piatok a&nbsp;sobotu s\u00fa jesenn\u00e9 k\u00e1ntrov\u00e9 dni. Ich obsahom je po\u010fakovanie za \u00farodu. My po\u010fakujeme za Bo\u017eie dary a dobrodenia v&nbsp;piatok pri sv. om\u0161i vo farskom kostole. Kto m\u00f4\u017ee prinies\u0165 obetn\u00e9 dary na&#8230;<\/p>\n","protected":false},"author":1,"featured_media":0,"comment_status":"closed","ping_status":"closed","sticky":false,"template":"","format":"standard","meta":{"ngg_post_thumbnail":0,"footnotes":""},"categories":[5],"tags":[18],"class_list":["post-5414","post","type-post","status-publish","format-standard","hentry","category-oznamy","tag-oznamy-2"],"_links":{"self":[{"href":"https:\/\/trencin.fara.sk\/index.php?rest_route=\/wp\/v2\/posts\/5414"}],"collection":[{"href":"https:\/\/trencin.fara.sk\/index.php?rest_route=\/wp\/v2\/posts"}],"about":[{"href":"https:\/\/trencin.fara.sk\/index.php?rest_route=\/wp\/v2\/types\/post"}],"author":[{"embeddable":true,"href":"https:\/\/trencin.fara.sk\/index.php?rest_route=\/wp\/v2\/users\/1"}],"replies":[{"embeddable":true,"href":"https:\/\/trencin.fara.sk\/index.php?rest_route=%2Fwp%2Fv2%2Fcomments&post=5414"}],"version-history":[{"count":1,"href":"https:\/\/trencin.fara.sk\/index.php?rest_route=\/wp\/v2\/posts\/5414\/revisions"}],"predecessor-version":[{"id":5415,"href":"https:\/\/trencin.fara.sk\/index.php?rest_route=\/wp\/v2\/posts\/5414\/revisions\/5415"}],"wp:attachment":[{"href":"https:\/\/trencin.fara.sk\/index.php?rest_route=%2Fwp%2Fv2%2Fmedia&parent=5414"}],"wp:term":[{"taxonomy":"category","embeddable":true,"href":"https:\/\/trencin.fara.sk\/index.php?rest_route=%2Fwp%2Fv2%2Fcategories&post=5414"},{"taxonomy":"post_tag","embeddable":true,"href":"https:\/\/trencin.fara.sk\/index.php?rest_route=%2Fwp%2Fv2%2Ftags&post=5414"}],"curies":[{"name":"wp","href":"https:\/\/api.w.org\/{rel}","templated":true}]}}