{"id":5416,"date":"2018-09-23T11:28:17","date_gmt":"2018-09-23T09:28:17","guid":{"rendered":"http:\/\/trencin.fara.sk\/?p=5416"},"modified":"2018-10-01T07:05:44","modified_gmt":"2018-10-01T05:05:44","slug":"oznamy-na-25-nedelu-v-obdobi-cez-rok-23-9-2018","status":"publish","type":"post","link":"https:\/\/trencin.fara.sk\/?p=5416","title":{"rendered":"Oznamy na 25. nede\u013eu v obdob\u00ed cez rok (23.9.2018)"},"content":{"rendered":"<p style=\"text-align: justify;\">Sl\u00e1vime 25. nede\u013eu v obdob\u00ed cez rok.<\/p>\n<p style=\"text-align: justify;\"><strong><em>Od zajtra za\u010d\u00ednaj\u00fa v&nbsp;kostole Notre Dame pondelkov\u00e9 ml\u00e1de\u017en\u00edcke sv. om\u0161e o&nbsp;19.00<\/em><\/strong> a&nbsp;pln\u00e1 prev\u00e1dzka Univerzitn\u00e9ho pastora\u010dn\u00e9ho centra na Sihoti a&nbsp;na v\u0161etk\u00fdch intern\u00e1toch. \u010eal\u0161ie inform\u00e1cie si \u0161tudenti n\u00e1jdu na webovej str\u00e1nke UPC \/www.upctn.sk\/.<\/p>\n<p style=\"text-align: justify;\">Vincentsk\u00e1 rodina organizuje zbierku pre chudobn\u00fdch na Haiti, Hondurase a&nbsp;\u010fal\u0161\u00edch krajin\u00e1ch. <strong><em>Na bud\u00facu nede\u013eu k\u00fapou medovn\u00edkov\u00e9ho srdie\u010dka m\u00f4\u017eeme pom\u00f4c\u0165 chudobn\u00fdm. Pred\u00e1va\u0165 sa bud\u00fa pred v\u0161etk\u00fdmi kostolmi v&nbsp;na\u0161ej farnosti.<\/em><\/strong> Podrobnosti n\u00e1jdete na v\u00fdvesk\u00e1ch.<\/p>\n<p style=\"text-align: justify;\"><strong><em>Od bud\u00facej nedele bud\u00fa pr\u00edhovory na sv. om\u0161iach o&nbsp;11.00 vo farskom kostole zameran\u00e9 pre deti. Srde\u010dne poz\u00fdvame deti, hlavne prvoprij\u00edmaj\u00face, aj rodi\u010dov&#8230;<\/em><\/strong><\/p>\n<p style=\"text-align: justify;\"><strong><em>Dnes je jesenn\u00e1 zbierka na k\u0148azsk\u00fd semin\u00e1r<\/em><\/strong>. Za va\u0161e milodary vyslovujeme v&nbsp;mene seminaristov a&nbsp;predstaven\u00fdch semin\u00e1ra \u00faprimn\u00e9 P\u00e1n Boh zapla\u0165.<\/p>\n<p style=\"text-align: justify;\"><em><u>Liturgick\u00fd kalend\u00e1r:<br \/>\n<\/u><\/em>st: spomienka na sv. Kozmu a&nbsp;Dami\u00e1na, mu\u010d.<br \/>\n\u0161t: spomienka na sv. Vincenta de Paul, k\u0148aza<br \/>\npi: spomienka na sv. V\u00e1clava, mu\u010den\u00edka<br \/>\nso: sviatok sv. Michala, Gabriela a&nbsp;Rafaela, archanjelov<\/p>\n","protected":false},"excerpt":{"rendered":"<p>Sl\u00e1vime 25. nede\u013eu v obdob\u00ed cez rok. Od zajtra za\u010d\u00ednaj\u00fa v&nbsp;kostole Notre Dame pondelkov\u00e9 ml\u00e1de\u017en\u00edcke sv. om\u0161e o&nbsp;19.00 a&nbsp;pln\u00e1 prev\u00e1dzka Univerzitn\u00e9ho pastora\u010dn\u00e9ho centra na Sihoti a&nbsp;na v\u0161etk\u00fdch intern\u00e1toch. \u010eal\u0161ie inform\u00e1cie si \u0161tudenti n\u00e1jdu na webovej str\u00e1nke UPC \/www.upctn.sk\/. Vincentsk\u00e1 rodina&#8230;<\/p>\n","protected":false},"author":1,"featured_media":0,"comment_status":"closed","ping_status":"closed","sticky":false,"template":"","format":"standard","meta":{"ngg_post_thumbnail":0,"footnotes":""},"categories":[5],"tags":[18],"class_list":["post-5416","post","type-post","status-publish","format-standard","hentry","category-oznamy","tag-oznamy-2"],"_links":{"self":[{"href":"https:\/\/trencin.fara.sk\/index.php?rest_route=\/wp\/v2\/posts\/5416"}],"collection":[{"href":"https:\/\/trencin.fara.sk\/index.php?rest_route=\/wp\/v2\/posts"}],"about":[{"href":"https:\/\/trencin.fara.sk\/index.php?rest_route=\/wp\/v2\/types\/post"}],"author":[{"embeddable":true,"href":"https:\/\/trencin.fara.sk\/index.php?rest_route=\/wp\/v2\/users\/1"}],"replies":[{"embeddable":true,"href":"https:\/\/trencin.fara.sk\/index.php?rest_route=%2Fwp%2Fv2%2Fcomments&post=5416"}],"version-history":[{"count":2,"href":"https:\/\/trencin.fara.sk\/index.php?rest_route=\/wp\/v2\/posts\/5416\/revisions"}],"predecessor-version":[{"id":5418,"href":"https:\/\/trencin.fara.sk\/index.php?rest_route=\/wp\/v2\/posts\/5416\/revisions\/5418"}],"wp:attachment":[{"href":"https:\/\/trencin.fara.sk\/index.php?rest_route=%2Fwp%2Fv2%2Fmedia&parent=5416"}],"wp:term":[{"taxonomy":"category","embeddable":true,"href":"https:\/\/trencin.fara.sk\/index.php?rest_route=%2Fwp%2Fv2%2Fcategories&post=5416"},{"taxonomy":"post_tag","embeddable":true,"href":"https:\/\/trencin.fara.sk\/index.php?rest_route=%2Fwp%2Fv2%2Ftags&post=5416"}],"curies":[{"name":"wp","href":"https:\/\/api.w.org\/{rel}","templated":true}]}}