{"id":5492,"date":"2019-01-19T21:38:59","date_gmt":"2019-01-19T20:38:59","guid":{"rendered":"http:\/\/trencin.fara.sk\/?p=5492"},"modified":"2019-01-27T03:34:52","modified_gmt":"2019-01-27T02:34:52","slug":"oznamy-na-2-nedelu-v-obdobi-cez-rok-20-1-2019","status":"publish","type":"post","link":"https:\/\/trencin.fara.sk\/?p=5492","title":{"rendered":"Oznamy na 2. nede\u013eu v obdob\u00ed cez rok (20.1.2019)"},"content":{"rendered":"<p style=\"text-align: justify;\">Sl\u00e1vime druh\u00fa nede\u013eu v obdob\u00ed cez rok.<\/p>\n<p style=\"text-align: justify;\">Oznamujeme rodi\u010dom, \u017ee prv\u00e9 sv. prij\u00edmanie v na\u0161ej farnosti bude pre <em><strong>cirkevn\u00fa \u0161kolu d\u0148a 19. m\u00e1ja 2019, pre ostatn\u00e9 Z\u0160 d\u0148a 26. m\u00e1ja 2019<\/strong><\/em>. Pre deti budeme op\u00e4\u0165 po\u017ei\u010diava\u0165 rovno\u0161aty.<\/p>\n<p style=\"text-align: justify;\">T\u00ed, \u010do c\u00edtia v sebe povolanie sta\u0165 sa k\u0148azmi a chc\u00fa ve\u013ekodu\u0161ne odpoveda\u0165 na tento Bo\u017e\u00ed hlas, m\u00f4\u017eu sa uch\u00e1dza\u0165 o prijatie do k\u0148azsk\u00e9ho semin\u00e1ra na \u0161t\u00fadium teol\u00f3gie v Nitre v akademickom roku 2019 \u2013 2020. Podrobnosti pod\u00e1 p\u00e1n dekan.<\/p>\n<p style=\"text-align: justify;\">Piaristick\u00e9 gymn\u00e1zium v Tren\u010d\u00edne poz\u00fdva verejnos\u0165, najm\u00e4 rodi\u010dov a \u017eiakov 5. a 9. ro\u010dn\u00edka Z\u0160 na <em><strong>De\u0148 otvoren\u00fdch dver\u00ed<\/strong><\/em>, ktor\u00fd sa uskuto\u010dn\u00ed vo \u0161tvrtok 24.1.2019 v \u010dase od 10.00 do 15.00 hod. Bli\u017e\u0161ie inform\u00e1cie na webovej str\u00e1nke \u0161koly.<\/p>\n<p style=\"text-align: justify;\">Od 15. febru\u00e1ra 2019 bude v priestoroch Centra pre rodinu op\u00e4\u0165 prebieha\u0165 kurz \u201e<strong><em>Man\u017eelsk\u00e9 ve\u010dery<\/em><\/strong>\u201c, ur\u010den\u00fd pre man\u017eelsk\u00e9 p\u00e1ry, ktor\u00e9 chc\u00fa svoje man\u017eelstvo osvie\u017ei\u0165, zlep\u0161i\u0165. Bli\u017e\u0161ie inform\u00e1cie n\u00e1jdete na webovej str\u00e1nke CPR a na v\u00fdvesk\u00e1ch.<\/p>\n<p style=\"text-align: justify;\">Zajtra o 17.00 sa v refekt\u00e1ri piaristov uskuto\u010dn\u00ed predn\u00e1\u0161ka s n\u00e1zvom \u201eKonflikt alebo \u0161anca\u201c o tom, ako zvl\u00e1da\u0165 probl\u00e9my s in\u00fdmi alebo so sebou.<\/p>\n<p style=\"text-align: justify;\">Od piatka pre\u017e\u00edvame t\u00fd\u017ede\u0148 modlitieb za jednotu kres\u0165anov, modlime sa v t\u00fdchto d\u0148och intenz\u00edvnej\u0161ie na tento \u00famysel.<\/p>\n<p style=\"text-align: justify;\"><strong><em>Dnes je pravideln\u00e1 zbierka na opravy na\u0161ich kostolov a farsk\u00fdch budov.<\/em> <\/strong>Za va\u0161e milodary vyslovujeme vopred \u00faprimn\u00e9 P\u00e1n Boh zapla\u0165. Sv\u00e4t\u00e1 om\u0161a o 11.00 vo farskom kostole je dnes obetovan\u00e1 za v\u0161etk\u00fdch dobrodincov.<\/p>\n<p style=\"text-align: justify;\"><em><span style=\"text-decoration: underline;\">Liturgick\u00fd kalend\u00e1r:<\/span><\/em><br \/>\npo: spomienka na sv. Agnesu, pannu a mu\u010d.<br \/>\n\u0161t: spomienka na sv. Franti\u0161ka Salesk\u00e9ho, biskupa a u\u010d. Cirkvi<br \/>\npi: sviatok Obr\u00e1tenia sv. Pavla, apo\u0161tola<br \/>\nso: spomienka na sv. Timoteja a T\u00edta, biskupov<\/p>\n","protected":false},"excerpt":{"rendered":"<p>Sl\u00e1vime druh\u00fa nede\u013eu v obdob\u00ed cez rok. Oznamujeme rodi\u010dom, \u017ee prv\u00e9 sv. prij\u00edmanie v na\u0161ej farnosti bude pre cirkevn\u00fa \u0161kolu d\u0148a 19. m\u00e1ja 2019, pre ostatn\u00e9 Z\u0160 d\u0148a 26. m\u00e1ja 2019. Pre deti budeme op\u00e4\u0165 po\u017ei\u010diava\u0165 rovno\u0161aty. T\u00ed, \u010do c\u00edtia&#8230;<\/p>\n","protected":false},"author":1,"featured_media":0,"comment_status":"closed","ping_status":"closed","sticky":false,"template":"","format":"standard","meta":{"ngg_post_thumbnail":0,"footnotes":""},"categories":[5],"tags":[18],"class_list":["post-5492","post","type-post","status-publish","format-standard","hentry","category-oznamy","tag-oznamy-2"],"_links":{"self":[{"href":"https:\/\/trencin.fara.sk\/index.php?rest_route=\/wp\/v2\/posts\/5492"}],"collection":[{"href":"https:\/\/trencin.fara.sk\/index.php?rest_route=\/wp\/v2\/posts"}],"about":[{"href":"https:\/\/trencin.fara.sk\/index.php?rest_route=\/wp\/v2\/types\/post"}],"author":[{"embeddable":true,"href":"https:\/\/trencin.fara.sk\/index.php?rest_route=\/wp\/v2\/users\/1"}],"replies":[{"embeddable":true,"href":"https:\/\/trencin.fara.sk\/index.php?rest_route=%2Fwp%2Fv2%2Fcomments&post=5492"}],"version-history":[{"count":2,"href":"https:\/\/trencin.fara.sk\/index.php?rest_route=\/wp\/v2\/posts\/5492\/revisions"}],"predecessor-version":[{"id":5498,"href":"https:\/\/trencin.fara.sk\/index.php?rest_route=\/wp\/v2\/posts\/5492\/revisions\/5498"}],"wp:attachment":[{"href":"https:\/\/trencin.fara.sk\/index.php?rest_route=%2Fwp%2Fv2%2Fmedia&parent=5492"}],"wp:term":[{"taxonomy":"category","embeddable":true,"href":"https:\/\/trencin.fara.sk\/index.php?rest_route=%2Fwp%2Fv2%2Fcategories&post=5492"},{"taxonomy":"post_tag","embeddable":true,"href":"https:\/\/trencin.fara.sk\/index.php?rest_route=%2Fwp%2Fv2%2Ftags&post=5492"}],"curies":[{"name":"wp","href":"https:\/\/api.w.org\/{rel}","templated":true}]}}