{"id":5496,"date":"2019-01-27T03:33:46","date_gmt":"2019-01-27T02:33:46","guid":{"rendered":"http:\/\/trencin.fara.sk\/?p=5496"},"modified":"2019-02-02T19:38:28","modified_gmt":"2019-02-02T18:38:28","slug":"oznamy-na-3-nedelu-v-obdobi-cez-rok-27-1-2019","status":"publish","type":"post","link":"https:\/\/trencin.fara.sk\/?p=5496","title":{"rendered":"Oznamy na 3. nede\u013eu v obdob\u00ed cez rok (27.1.2019)"},"content":{"rendered":"<p style=\"text-align: justify;\">Sl\u00e1vime tretiu nede\u013eu v obdob\u00ed cez rok.<\/p>\n<p style=\"text-align: justify;\">V tomto t\u00fd\u017edni m\u00e1me prv\u00fd piatok v mesiaci, spoved\u00e1me pribli\u017ene hodinu pred sv\u00e4t\u00fdmi om\u0161ami. V piatok po sv. om\u0161i vo farskom kostole bude prvopiatkov\u00e1 pobo\u017enos\u0165 pred vystavenou Sviatos\u0165ou Olt\u00e1rnou a po\u017eehnanie.<\/p>\n<p style=\"text-align: justify;\">V sobotu je sviatok Obetovania P\u00e1na, sv. om\u0161e bud\u00fa ako v sobotu. Pri sv\u00e4t\u00fdch om\u0161iach budeme po\u017eehn\u00e1va\u0165 Hromni\u010dn\u00e9 sviece.<\/p>\n<p style=\"text-align: justify;\"><strong><em>T\u00ed, \u010do c\u00edtia v sebe povolanie sta\u0165 sa k\u0148azmi a chc\u00fa ve\u013ekodu\u0161ne odpoveda\u0165 na tento Bo\u017e\u00ed hlas, m\u00f4\u017eu sa uch\u00e1dza\u0165 o prijatie do k\u0148azsk\u00e9ho semin\u00e1ra na \u0161t\u00fadium teol\u00f3gie v Nitre v akademickom roku 2019 \u2013 2020. Podrobnosti pod\u00e1 p\u00e1n dekan. <\/em><\/strong><\/p>\n<p style=\"text-align: justify;\">Od 15. febru\u00e1ra 2019 bude v priestoroch Centra pre rodinu op\u00e4\u0165 prebieha\u0165 kurz \u201eMan\u017eelsk\u00e9 ve\u010dery\u201c, ur\u010den\u00fd pre man\u017eelsk\u00e9 p\u00e1ry, ktor\u00e9 chc\u00fa svoje man\u017eelstvo osvie\u017ei\u0165, zlep\u0161i\u0165. Bli\u017e\u0161ie inform\u00e1cie n\u00e1jdete na webovej str\u00e1nke CPR a na v\u00fdvesk\u00e1ch.<\/p>\n<p style=\"text-align: justify;\">V Katol\u00edckych novin\u00e1ch d\u00e1vame do pozornosti \u010dl\u00e1nok o sv. Filom\u00e9ne, ktor\u00fa si ve\u013emi ctil sv. J\u00e1n M\u00e1ria Vianey. Je to sv\u00e4tica, ktor\u00e1 pom\u00e1ha v naj\u0165a\u017e\u0161\u00edch chv\u00ed\u013each n\u00e1\u0161ho \u017eivota. <strong><em>V minulot\u00fd\u017edennom \u010d\u00edsle upozor\u0148ujeme na \u010dl\u00e1nok o Ob\u010d. zdru\u017een\u00ed v Tren\u010d\u00edne, ktor\u00e9 sa star\u00e1 o bezdomovcov v na\u0161om meste. Je tam tie\u017e zauj\u00edmav\u00fd \u010dl\u00e1nok o postoji Katol\u00edckej Cirkvi k deport\u00e1cii \u017didovsk\u00fdch ob\u010danov zo Slovenska po\u010das II. sv. vojny.<\/em><\/strong><\/p>\n<p style=\"text-align: justify;\"><span style=\"text-decoration: underline;\"><em>Liturgick\u00fd kalend\u00e1r:<\/em><\/span><br \/>\npo: spomienka na sv. Tom\u00e1\u0161a Akvinsk\u00e9ho, k\u0148aza a u\u010d. Cirkvi<br \/>\n\u0161t: spomienka na sv. J\u00e1na Bosca, k\u0148aza<br \/>\nso: sviatok Obetovania P\u00e1na<\/p>\n","protected":false},"excerpt":{"rendered":"<p>Sl\u00e1vime tretiu nede\u013eu v obdob\u00ed cez rok. V tomto t\u00fd\u017edni m\u00e1me prv\u00fd piatok v mesiaci, spoved\u00e1me pribli\u017ene hodinu pred sv\u00e4t\u00fdmi om\u0161ami. V piatok po sv. om\u0161i vo farskom kostole bude prvopiatkov\u00e1 pobo\u017enos\u0165 pred vystavenou Sviatos\u0165ou Olt\u00e1rnou a po\u017eehnanie. V sobotu&#8230;<\/p>\n","protected":false},"author":1,"featured_media":0,"comment_status":"closed","ping_status":"closed","sticky":false,"template":"","format":"standard","meta":{"ngg_post_thumbnail":0,"footnotes":""},"categories":[5],"tags":[18],"class_list":["post-5496","post","type-post","status-publish","format-standard","hentry","category-oznamy","tag-oznamy-2"],"_links":{"self":[{"href":"https:\/\/trencin.fara.sk\/index.php?rest_route=\/wp\/v2\/posts\/5496"}],"collection":[{"href":"https:\/\/trencin.fara.sk\/index.php?rest_route=\/wp\/v2\/posts"}],"about":[{"href":"https:\/\/trencin.fara.sk\/index.php?rest_route=\/wp\/v2\/types\/post"}],"author":[{"embeddable":true,"href":"https:\/\/trencin.fara.sk\/index.php?rest_route=\/wp\/v2\/users\/1"}],"replies":[{"embeddable":true,"href":"https:\/\/trencin.fara.sk\/index.php?rest_route=%2Fwp%2Fv2%2Fcomments&post=5496"}],"version-history":[{"count":2,"href":"https:\/\/trencin.fara.sk\/index.php?rest_route=\/wp\/v2\/posts\/5496\/revisions"}],"predecessor-version":[{"id":5501,"href":"https:\/\/trencin.fara.sk\/index.php?rest_route=\/wp\/v2\/posts\/5496\/revisions\/5501"}],"wp:attachment":[{"href":"https:\/\/trencin.fara.sk\/index.php?rest_route=%2Fwp%2Fv2%2Fmedia&parent=5496"}],"wp:term":[{"taxonomy":"category","embeddable":true,"href":"https:\/\/trencin.fara.sk\/index.php?rest_route=%2Fwp%2Fv2%2Fcategories&post=5496"},{"taxonomy":"post_tag","embeddable":true,"href":"https:\/\/trencin.fara.sk\/index.php?rest_route=%2Fwp%2Fv2%2Ftags&post=5496"}],"curies":[{"name":"wp","href":"https:\/\/api.w.org\/{rel}","templated":true}]}}