{"id":5499,"date":"2019-02-02T19:35:32","date_gmt":"2019-02-02T18:35:32","guid":{"rendered":"http:\/\/trencin.fara.sk\/?p=5499"},"modified":"2019-02-09T23:23:54","modified_gmt":"2019-02-09T22:23:54","slug":"oznamy-na-4-nedelu-v-obdobi-cez-rok-3-2-2019","status":"publish","type":"post","link":"https:\/\/trencin.fara.sk\/?p=5499","title":{"rendered":"Oznamy na 4. nede\u013eu v obdob\u00ed cez rok (3.2.2019)"},"content":{"rendered":"<p style=\"text-align: justify;\">Sl\u00e1vime \u0161tvrt\u00fa nede\u013eu v obdob\u00ed cez rok. <strong><em>Dnes je prv\u00e1 nede\u013ea v mesiaci, preto v kaplnke sv. Anny bude celodenn\u00e1 poklona pred vystavenou Sviatos\u0165ou Olt\u00e1rnou.<\/em> <\/strong>Poklona za\u010dne po sv. om\u0161i a z\u00e1vere\u010dn\u00e9 po\u017eehnanie bude o 17.30.<\/p>\n<p style=\"text-align: justify;\">Vo \u0161tvrtok m\u00e1me k\u0148azsk\u00fa rekolekciu v Tren\u010d\u00edne. Vo farskom kostole o 9.00 bude ador\u00e1cia, o 9.30 rekolek\u010dn\u00e1 sv. om\u0161a. Vo \u0161tvrtok sv. om\u0161a v kaplnke sv. Anny bude u\u017e o 8.00.<\/p>\n<p style=\"text-align: justify;\"><strong><em>Od 11. do 18. 2. 2019 prebehne N\u00e1rodn\u00fd t\u00fd\u017ede\u0148 man\u017eelstva.<\/em> <\/strong>V tomto t\u00fd\u017edni bud\u00fa r\u00f4zne aktivity pre man\u017eelsk\u00e9 p\u00e1ry. Podrobnosti si m\u00f4\u017eete pozrie\u0165 na str\u00e1nke Centra pre rodinu.<\/p>\n<p style=\"text-align: justify;\">CPR poz\u00fdva rodiny s de\u0165mi v nede\u013eu 10.2. od 14.45 do 15.45 na kor\u010du\u013eovanie na Zimn\u00fd \u0161tadi\u00f3n Pavla Demitru.<\/p>\n<p style=\"text-align: justify;\">V sobotu 16.2.2019 sa v Mestskej hale na Kloko\u010dine v Nitre uskuto\u010dn\u00ed Modlitbov\u00fd de\u0148 k \u00facte Matky v\u0161etk\u00fdch n\u00e1rodov. Program i mo\u017enos\u0165 prihl\u00e1senia n\u00e1jdete na v\u00fdvesk\u00e1ch.<\/p>\n<p style=\"text-align: justify;\">Pripom\u00edname prvoprij\u00edmaj\u00facim de\u0165om a ich rodi\u010dom, \u017ee v nede\u013eu o 11.00 vo farskom kostole je pr\u00edhovor vo sv. om\u0161i zameran\u00fd pre deti\u2026<\/p>\n<p style=\"text-align: justify;\">Pred\u00e1vaj\u00faci \u010dasopis \u201eCesta\u201c a \u201eNota Bene\u201c pred na\u0161imi kostolmi maj\u00fa n\u00e1\u0161 s\u00fahlas na predaj. K\u00fapou \u010dasopisu m\u00f4\u017eeme pom\u00f4c\u0165 t\u00fdmto \u013eu\u010fom v n\u00fadzi.<\/p>\n<p><span style=\"text-decoration: underline;\"><em>Liturgick\u00fd kalend\u00e1r:<\/em><\/span><br \/>\nut: spomienka na sv. Ag\u00e1tu, pannu a mu\u010d.<br \/>\nst: spomienka na sv. Pavla Mikiho a spolo\u010dn\u00edkov, mu\u010d.<\/p>\n","protected":false},"excerpt":{"rendered":"<p>Sl\u00e1vime \u0161tvrt\u00fa nede\u013eu v obdob\u00ed cez rok. Dnes je prv\u00e1 nede\u013ea v mesiaci, preto v kaplnke sv. Anny bude celodenn\u00e1 poklona pred vystavenou Sviatos\u0165ou Olt\u00e1rnou. Poklona za\u010dne po sv. om\u0161i a z\u00e1vere\u010dn\u00e9 po\u017eehnanie bude o 17.30. Vo \u0161tvrtok m\u00e1me k\u0148azsk\u00fa&#8230;<\/p>\n","protected":false},"author":1,"featured_media":0,"comment_status":"closed","ping_status":"closed","sticky":false,"template":"","format":"standard","meta":{"ngg_post_thumbnail":0,"footnotes":""},"categories":[5],"tags":[18],"class_list":["post-5499","post","type-post","status-publish","format-standard","hentry","category-oznamy","tag-oznamy-2"],"_links":{"self":[{"href":"https:\/\/trencin.fara.sk\/index.php?rest_route=\/wp\/v2\/posts\/5499"}],"collection":[{"href":"https:\/\/trencin.fara.sk\/index.php?rest_route=\/wp\/v2\/posts"}],"about":[{"href":"https:\/\/trencin.fara.sk\/index.php?rest_route=\/wp\/v2\/types\/post"}],"author":[{"embeddable":true,"href":"https:\/\/trencin.fara.sk\/index.php?rest_route=\/wp\/v2\/users\/1"}],"replies":[{"embeddable":true,"href":"https:\/\/trencin.fara.sk\/index.php?rest_route=%2Fwp%2Fv2%2Fcomments&post=5499"}],"version-history":[{"count":2,"href":"https:\/\/trencin.fara.sk\/index.php?rest_route=\/wp\/v2\/posts\/5499\/revisions"}],"predecessor-version":[{"id":5505,"href":"https:\/\/trencin.fara.sk\/index.php?rest_route=\/wp\/v2\/posts\/5499\/revisions\/5505"}],"wp:attachment":[{"href":"https:\/\/trencin.fara.sk\/index.php?rest_route=%2Fwp%2Fv2%2Fmedia&parent=5499"}],"wp:term":[{"taxonomy":"category","embeddable":true,"href":"https:\/\/trencin.fara.sk\/index.php?rest_route=%2Fwp%2Fv2%2Fcategories&post=5499"},{"taxonomy":"post_tag","embeddable":true,"href":"https:\/\/trencin.fara.sk\/index.php?rest_route=%2Fwp%2Fv2%2Ftags&post=5499"}],"curies":[{"name":"wp","href":"https:\/\/api.w.org\/{rel}","templated":true}]}}