{"id":7777,"date":"2021-09-25T13:36:08","date_gmt":"2021-09-25T11:36:08","guid":{"rendered":"http:\/\/trencin.fara.sk\/?p=7777"},"modified":"2021-10-02T11:56:09","modified_gmt":"2021-10-02T09:56:09","slug":"farske-oznamy-dvadsiata-siesta-nedela-co-26-09-2021","status":"publish","type":"post","link":"https:\/\/trencin.fara.sk\/?p=7777","title":{"rendered":"FARSK\u00c9 OZNAMY &#8211; DVADSIATA \u0160IESTA NEDE\u013dA CO (26. 09. 2021)"},"content":{"rendered":"\n<p>Liturgick\u00fd&nbsp;kalend\u00e1r:<\/p>\n\n\n\n<figure class=\"wp-block-table is-style-stripes\"><table><tbody><tr><td>27. 9.<\/td><td>pondelok<\/td><td>Sv. Vincenta de Paul, k\u0148aza<\/td><td>spomienka<\/td><\/tr><tr><td>29.9.<\/td><td>streda<\/td><td>Sv. Michala, Gabriela a Rafaela, archanjelov<\/td><td>sviatok<\/td><\/tr><tr><td>30. 9.<\/td><td>\u0161tvrtok<\/td><td>Sv. Hieronyma, k\u0148aza a u\u010dite\u013ea Cirkvi<\/td><td>spomienka<\/td><\/tr><tr><td>1.10.<\/td><td>piatok<\/td><td>Sv. Ter\u00e9zie z Lisieux, panny a u\u010dite\u013eky Cirkvi<\/td><td>spomienka<\/td><\/tr><tr><td>2. 10.<\/td><td>sobota<\/td><td>Sv. anjelov str\u00e1\u017ecov<\/td><td>spomienka<\/td><\/tr><tr><td>3. 10.<\/td><td>nede\u013ea<\/td><td>Dvadsiata siedma nede\u013ea v Cezro\u010dnom obdob\u00ed<\/td><td><\/td><\/tr><\/tbody><\/table><\/figure>\n\n\n\n<p>Dnes je 107. svetov\u00fd&nbsp;de\u0148&nbsp;migrantov a ute\u010dencov, ustanoven\u00fd&nbsp;p\u00e1pe\u017eom sv. Piom X. Pam\u00e4tajme na tento \u00famysel vo svojich modlitb\u00e1ch! Z\u00e1rove\u0148&nbsp;sa po v\u0161etk\u00fdch sv. om\u0161iach kon\u00e1 zbierka na pomoc pre chudobn\u00fdch na Kube, ktor\u00e1 bola vyhl\u00e1sen\u00e1 KBS ako ovocie p\u00e1pe\u017eskej n\u00e1v\u0161tevy na Slovensku. Tieto dva ve\u013ek\u00e9 soci\u00e1lne rozmery sp\u00e1jaj\u00face sa v dne\u0161nej nedeli nech sl\u00fa\u017eia k roz\u0161\u00edreniu na\u0161ej viery, ktor\u00e1 n\u00e1s vol\u00e1 myslie\u0165&nbsp;na druh\u00fdch i v modlitbe, i v konkr\u00e9tnej hmotnej pomoci.<\/p>\n\n\n\n<p>V duchu toho,&nbsp;\u010do pr\u00e1ve zaznelo, upozor\u0148ujeme,&nbsp;\u017ee pod\u013ea nariaden\u00ed kompetentn\u00fdch autor\u00edt treba ma\u0165&nbsp;op\u00e4\u0165&nbsp;v t\u00fdchto d\u0148och po\u010das&nbsp;\u010dasu str\u00e1ven\u00e9ho v kostoloch prekryt\u00e9 \u00fasta a nos schv\u00e1len\u00fdmi respir\u00e1tormi. Iba r\u00fa\u0161ka u\u017e&nbsp;nesta\u010dia&#8230; Vopred&nbsp;\u010fakujeme v\u0161etk\u00fdm, ktor\u00ed tieto a in\u00e9 obmedzenia a zmeny s\u00favisiace s pand\u00e9miou pokorne prij\u00edmaj\u00fa predov\u0161etk\u00fdm ako obetu a slu\u017ebu dobr\u00e9mu kres\u0165ansk\u00e9mu svedectvu!<\/p>\n\n\n\n<p>Dnes popoludn\u00ed o 16.00 hod. bude v are\u00e1li sv\u00e4tyne na Skalke sv. om\u0161a sl\u00e1ven\u00e1 Mons. Petrom Be\u0148om, pri pr\u00edle\u017eitosti p\u00fate folkloristov s po\u010fakovan\u00edm za \u00farodu. Je to pr\u00edle\u017eitos\u0165\u00a0povzbudi\u0165\u00a0ducha aj oko, ke\u010f\u017ee sa na nej maj\u00fa z\u00fa\u010dastni\u0165\u00a0mnoh\u00ed milovn\u00edci folkl\u00f3ru v krojoch.<\/p>\n\n\n\n<p>Od zajtraj\u0161ieho pondelka za\u010d\u00ednaj\u00fa ve\u010dern\u00e9 ml\u00e1de\u017en\u00edcke sv. om\u0161e v Kostole Notre Dame (o 19.00 hod.) a nov\u00fd\u00a0akademick\u00fd\u00a0rok.\u00a0\u0160tudenstk\u00e9 sv, om\u0161e a ve\u010dery v Kaplnke na intern\u00e1te v Zlatovciach u\u017e\u00a0prebiehaj\u00fa od za\u010diatku septembra. Sl\u00e1vnos\u0165\u00a0Veni Sancte bude v Kostole Notre Dame o t\u00fd\u017ede\u0148, v pondelok, 4. 10. 2021 o 19.00 hod. Hlavn\u00fdm celebrantom bude otec biskup Peter Be\u0148o. Ostatn\u00e9 info a auktualizovan\u00fd\u00a0program n\u00e1jdete na internetovej str\u00e1nke <a href=\"https:\/\/upctn.sk\">UPC Tren\u010d\u00edn<\/a>.<\/p>\n\n\n\n<p>V utorok, 28. 09. 2021 o 16.00 hod. bude ma\u0165&nbsp;vo sv\u00e4tyni na Skalke sv. om\u0161u a pr\u00edhovor\/predn\u00e1\u0161ku Benedikt\u00edn Jozef Doln\u00fd&nbsp;zo Sampora. Priaznivcom benedikt\u00ednskej spirituality vrelo odpor\u00fa\u010dame!<\/p>\n\n\n\n<p>Pred nami je prv\u00fd\u00a0piatok: spoved\u00e1me pribli\u017ene 45 min. pred sv. om\u0161ami; v sobotu o 8.00 hod. bude vo farskom kostole fatimsk\u00e1 pobo\u017enos\u0165\u00a0a sv. om\u0161a ku cti Panny M\u00e1rie, Kr\u00e1\u013eovnej anjelov. Na bud\u00facu nede\u013eu bude v Kostole sv. Anny prvonede\u013en\u00e1 ador\u00e1cia, ktor\u00e1 sa za\u010dne po sv. om\u0161i o 8.00 hod. a skon\u010d\u00ed sa o 17.30 hod. eucharistick\u00fdm po\u017eehnan\u00edm. Pok\u00fasme sa u\u017e\u00a0teraz zariadi\u0165\u00a0si svoj osobn\u00fd\u00a0a rodinn\u00fd\u00a0program tak, aby v\u00a0\u0148om mal miesto aj\u00a0\u010das str\u00e1ven\u00fd\u00a0pred eucharistick\u00fdm Kristom, ktor\u00fd\u00a0n\u00e1s tu\u00a0\u010dak\u00e1&#8230;<\/p>\n\n\n\n<p>V piatok sa za\u010d\u00edna ru\u017eencov\u00fd\u00a0mesiac: vrelo odpor\u00fa\u010dame s v\u00e4\u010d\u0161ou zbo\u017enos\u0165ou a zanietenos\u0165ou modli\u0165\u00a0sa t\u00fato evanjelio\u00fa modlitbu, nielen s\u00fakromne, ale najm\u00e4 v rodin\u00e1ch a farskom spolo\u010denstve. Preto, pri tejto pr\u00edle\u017eitosti zo srdca\u00a0\u010fakujeme v\u0161etk\u00fdm, ktor\u00ed v na\u0161ich kostoloch verne a horlivo konaj\u00fa slu\u017ebu vedenia tejto modlitby pred sv. om\u0161ami; a pros\u00edme, zvl\u00e1\u0161\u0165\u00a0mlad\u0161\u00edch a rodiny s de\u0165mi: n\u00e1jdite si\u00a0\u010das v tomto mesiaci pr\u00eds\u0165\u00a0do kostola sk\u00f4r a pohr\u00fa\u017ei\u0165\u00a0sa do spolo\u010dn\u00e9ho rozj\u00edmania nad tajomstvami ru\u017eenca. Dobrou pr\u00ede\u017eitos\u0165ou ako za\u010da\u0165\u00a0tento mesiac m\u00f4\u017ee by\u0165\u00a0aj sl\u00e1vnostn\u00fd\u00a0ru\u017eenec pred Najsv. Sviatos\u0165ou na fatimsk\u00fa sobotu o 8.00 hod. vo FK. A samozrejme nezab\u00fadajme,\u00a0\u017ee po\u010das cel\u00e9ho mesiaca m\u00f4\u017eeme slu\u017ebou Cirkvi z\u00edska\u0165\u00a0pri n\u00e1bo\u017enej modlitbe posv. ru\u017eenca a splnen\u00ed ostatn\u00fdch zvy\u010dajn\u00fdch podmienok \u00fapln\u00e9 odpustky.<\/p>\n\n\n\n<p><em>R\u00edmskokatol\u00edcka cirkev farnos\u0165\u00a0Tren\u010d\u00edn, Mari\u00e1nske n\u00e1mestie 2, 911 01 Tren\u010d\u00edn, 032 743 32 76, 0910 852 349<\/em><\/p>\n","protected":false},"excerpt":{"rendered":"<p>Liturgick\u00fd&nbsp;kalend\u00e1r: 27. 9. pondelok Sv. Vincenta de Paul, k\u0148aza spomienka 29.9. streda Sv. Michala, Gabriela a Rafaela, archanjelov sviatok 30. 9. \u0161tvrtok Sv. Hieronyma, k\u0148aza a u\u010dite\u013ea Cirkvi spomienka 1.10. piatok Sv. Ter\u00e9zie z Lisieux, panny a u\u010dite\u013eky Cirkvi spomienka&#8230;<\/p>\n","protected":false},"author":2,"featured_media":274,"comment_status":"closed","ping_status":"closed","sticky":false,"template":"","format":"standard","meta":{"ngg_post_thumbnail":0,"footnotes":""},"categories":[5],"tags":[],"class_list":["post-7777","post","type-post","status-publish","format-standard","has-post-thumbnail","hentry","category-oznamy"],"_links":{"self":[{"href":"https:\/\/trencin.fara.sk\/index.php?rest_route=\/wp\/v2\/posts\/7777"}],"collection":[{"href":"https:\/\/trencin.fara.sk\/index.php?rest_route=\/wp\/v2\/posts"}],"about":[{"href":"https:\/\/trencin.fara.sk\/index.php?rest_route=\/wp\/v2\/types\/post"}],"author":[{"embeddable":true,"href":"https:\/\/trencin.fara.sk\/index.php?rest_route=\/wp\/v2\/users\/2"}],"replies":[{"embeddable":true,"href":"https:\/\/trencin.fara.sk\/index.php?rest_route=%2Fwp%2Fv2%2Fcomments&post=7777"}],"version-history":[{"count":1,"href":"https:\/\/trencin.fara.sk\/index.php?rest_route=\/wp\/v2\/posts\/7777\/revisions"}],"predecessor-version":[{"id":7778,"href":"https:\/\/trencin.fara.sk\/index.php?rest_route=\/wp\/v2\/posts\/7777\/revisions\/7778"}],"wp:featuredmedia":[{"embeddable":true,"href":"https:\/\/trencin.fara.sk\/index.php?rest_route=\/wp\/v2\/media\/274"}],"wp:attachment":[{"href":"https:\/\/trencin.fara.sk\/index.php?rest_route=%2Fwp%2Fv2%2Fmedia&parent=7777"}],"wp:term":[{"taxonomy":"category","embeddable":true,"href":"https:\/\/trencin.fara.sk\/index.php?rest_route=%2Fwp%2Fv2%2Fcategories&post=7777"},{"taxonomy":"post_tag","embeddable":true,"href":"https:\/\/trencin.fara.sk\/index.php?rest_route=%2Fwp%2Fv2%2Ftags&post=7777"}],"curies":[{"name":"wp","href":"https:\/\/api.w.org\/{rel}","templated":true}]}}